{"id":3117,"date":"2024-12-09T21:10:00","date_gmt":"2024-12-09T20:10:00","guid":{"rendered":"https:\/\/managingnewsroomdiversity.com\/?p=3117"},"modified":"2025-02-17T17:30:43","modified_gmt":"2025-02-17T16:30:43","slug":"doctoral-school-lecture","status":"publish","type":"post","link":"https:\/\/managingnewsroomdiversity.com\/pl\/2024\/12\/09\/doctoral-school-lecture\/","title":{"rendered":"Inclusive Leadership Beyond Buzzwords: Dr. Greta Gober\u2019s Lecture for Doctoral Students"},"content":{"rendered":"\n<p class=\"has-medium-font-size\">On\u00a0<strong>December 9, 2024<\/strong>,\u00a0<strong>Greta Gober<\/strong>\u00a0delivered a lecture titled\u00a0<strong>&#8222;Inclusive Management and Leadership: Lessons from the Managing Newsroom Diversity Project&#8221;<\/strong>\u00a0as part of the\u00a0<strong>Academic Visions<\/strong>\u00a0course for second-year doctoral students at the\u00a0<strong>Doctoral School of Social Sciences, University of Warsaw<\/strong>. The session challenged common assumptions about diversity and leadership, encouraging students to think critically about\u00a0<strong>power, inclusion, and decision-making in organizations<\/strong>.<\/p>\n\n\n\n<p class=\"has-medium-font-size\">Academic Visions is designed to\u00a0introduce doctoral students to interdisciplinary perspectives, pushing them to reflect on complex societal and organizational issues. Dr. Gober\u2019s talk went beyond surface-level discussions of diversity, focusing on\u00a0how leadership practices shape inclusion in real-world settings.<\/p>\n\n\n\n<p class=\"has-medium-font-size\">Drawing on insights from the\u00a0project Gober shared lessons from newsroom leadership in\u00a0<strong>Poland, Sweden, and the UK<\/strong>. The research, based on\u00a0<strong>75 interviews with journalists, editors, and media managers<\/strong>, examined how diversity management is implemented &#8211; or sidelined &#8211; in media organizations.<\/p>\n\n\n\n<p class=\"has-medium-font-size\">The lecture highlighted key findings on&nbsp;<strong>how leadership influences diversity outcomes<\/strong>, presenting real-world examples from media organizations:<\/p>\n\n\n\n<p class=\"has-medium-font-size\">\ud83d\udccc\u00a0<strong>Diversity Without Psychological Safety Is Meaningless<\/strong>\u00a0\u2013 A recurring theme in newsroom interviews was that\u00a0hiring diverse talent is<strong>n\u2019t enough<\/strong>. An HR manager at Swedish Radio stressed that\u00a0<strong>\u201cit starts with psychological safety\u201d<\/strong> &#8211; without it, marginalized voices remain unheard.<\/p>\n\n\n\n<p class=\"has-medium-font-size\">\ud83d\udccc\u00a0<strong>The Invisible Side of Exclusion<\/strong>\u00a0\u2013 A D&amp;I editor from the UK explained that\u00a0<strong>inclusion happens in the small, everyday decisions<\/strong> &#8211; what stories get covered, which sources are interviewed, and what perspectives are prioritized.\u00a0<strong>\u201cEditors make hundreds of decisions every day&#8230; this is where diversity is hidden,\u201d<\/strong>\u00a0he noted.<\/p>\n\n\n\n<p class=\"has-medium-font-size\">\ud83d\udccc\u00a0<strong>Structural Change vs. Tokenism<\/strong>\u00a0\u2013 A BBC HR manager admitted to having participated in\u00a0surface-level diversity effort<strong>s<\/strong>\u00a0in the past, stating:\u00a0<strong>\u201cI have learned that, first and foremost, you ask to which group people want to belong, if any, instead of assuming based on their skin color or religion.\u201d<\/strong><\/p>\n\n\n\n<p class=\"has-medium-font-size\">\ud83d\udccc\u00a0<strong>The Challenge of Changing Recruitment Practices<\/strong>\u00a0\u2013 In Poland, a deputy editor-in-chief pointed out a structural issue:\u00a0<strong>\u201cYou can educate people to become journalists, but you cannot position them differently socially.\u201d<\/strong>\u00a0The discussion explored how recruitment models can reinforce\u00a0existing inequ<strong>alities<\/strong>\u00a0unless actively redesigned.<\/p>\n\n\n\n<p class=\"has-medium-font-size\">Although the case studies came from media organizations, the insights applied far beyond journalism. The session encouraged doctoral students to\u00a0critically examine leadership structures in their own fields, whether in academia, policymaking, or business.<\/p>\n\n\n\n<p class=\"has-medium-font-size\">Slides from the lecture <\/p>\n\n\n\n<div class=\"wp-block-group is-layout-constrained wp-block-group-is-layout-constrained\">\n<div class=\"wp-block-columns is-layout-flex wp-container-core-columns-is-layout-1 wp-block-columns-is-layout-flex\">\n<div class=\"wp-block-column is-layout-flow wp-block-column-is-layout-flow\" style=\"flex-basis:100%\">\n<figure class=\"wp-block-gallery has-nested-images columns-default is-cropped wp-block-gallery-1 is-layout-flex wp-block-gallery-is-layout-flex\">\n<figure class=\"wp-block-image size-large\"><img loading=\"lazy\" decoding=\"async\" width=\"1024\" height=\"544\" src=\"https:\/\/managingnewsroomdiversity.com\/wp-content\/uploads\/2024\/04\/Zrzut-ekranu-2025-02-17-o-17.25.39-1-1024x544.png\" alt=\"\" class=\"wp-image-3124\" srcset=\"https:\/\/managingnewsroomdiversity.com\/wp-content\/uploads\/2024\/04\/Zrzut-ekranu-2025-02-17-o-17.25.39-1-980x521.png 980w, https:\/\/managingnewsroomdiversity.com\/wp-content\/uploads\/2024\/04\/Zrzut-ekranu-2025-02-17-o-17.25.39-1-480x255.png 480w\" sizes=\"(min-width: 0px) and (max-width: 480px) 480px, (min-width: 481px) and (max-width: 980px) 980px, (min-width: 981px) 1024px, 100vw\" \/><\/figure>\n\n\n\n<figure class=\"wp-block-image size-large\"><img loading=\"lazy\" decoding=\"async\" width=\"1024\" height=\"559\" src=\"https:\/\/managingnewsroomdiversity.com\/wp-content\/uploads\/2024\/04\/Zrzut-ekranu-2025-02-17-o-17.25.55-1-1024x559.png\" alt=\"\" class=\"wp-image-3126\" srcset=\"https:\/\/managingnewsroomdiversity.com\/wp-content\/uploads\/2024\/04\/Zrzut-ekranu-2025-02-17-o-17.25.55-1-980x535.png 980w, https:\/\/managingnewsroomdiversity.com\/wp-content\/uploads\/2024\/04\/Zrzut-ekranu-2025-02-17-o-17.25.55-1-480x262.png 480w\" sizes=\"(min-width: 0px) and (max-width: 480px) 480px, (min-width: 481px) and (max-width: 980px) 980px, (min-width: 981px) 1024px, 100vw\" \/><\/figure>\n\n\n\n<figure class=\"wp-block-image size-large\"><img loading=\"lazy\" decoding=\"async\" width=\"1024\" height=\"568\" src=\"https:\/\/managingnewsroomdiversity.com\/wp-content\/uploads\/2024\/04\/Zrzut-ekranu-2025-02-17-o-17.26.09-1024x568.png\" alt=\"\" class=\"wp-image-3128\" srcset=\"https:\/\/managingnewsroomdiversity.com\/wp-content\/uploads\/2024\/04\/Zrzut-ekranu-2025-02-17-o-17.26.09-980x544.png 980w, https:\/\/managingnewsroomdiversity.com\/wp-content\/uploads\/2024\/04\/Zrzut-ekranu-2025-02-17-o-17.26.09-480x266.png 480w\" sizes=\"(min-width: 0px) and (max-width: 480px) 480px, (min-width: 481px) and (max-width: 980px) 980px, (min-width: 981px) 1024px, 100vw\" \/><\/figure>\n\n\n\n<figure class=\"wp-block-image size-large\"><img loading=\"lazy\" decoding=\"async\" width=\"1024\" height=\"566\" src=\"https:\/\/managingnewsroomdiversity.com\/wp-content\/uploads\/2024\/04\/Zrzut-ekranu-2025-02-17-o-17.26.46-1024x566.png\" alt=\"\" class=\"wp-image-3130\" srcset=\"https:\/\/managingnewsroomdiversity.com\/wp-content\/uploads\/2024\/04\/Zrzut-ekranu-2025-02-17-o-17.26.46-980x541.png 980w, https:\/\/managingnewsroomdiversity.com\/wp-content\/uploads\/2024\/04\/Zrzut-ekranu-2025-02-17-o-17.26.46-480x265.png 480w\" sizes=\"(min-width: 0px) and (max-width: 480px) 480px, (min-width: 481px) and (max-width: 980px) 980px, (min-width: 981px) 1024px, 100vw\" \/><\/figure>\n\n\n\n<figure class=\"wp-block-image size-large\"><img loading=\"lazy\" decoding=\"async\" width=\"1024\" height=\"566\" src=\"https:\/\/managingnewsroomdiversity.com\/wp-content\/uploads\/2024\/04\/Zrzut-ekranu-2025-02-17-o-17.27.08-1-1024x566.png\" alt=\"\" class=\"wp-image-3134\" srcset=\"https:\/\/managingnewsroomdiversity.com\/wp-content\/uploads\/2024\/04\/Zrzut-ekranu-2025-02-17-o-17.27.08-1-980x541.png 980w, https:\/\/managingnewsroomdiversity.com\/wp-content\/uploads\/2024\/04\/Zrzut-ekranu-2025-02-17-o-17.27.08-1-480x265.png 480w\" sizes=\"(min-width: 0px) and (max-width: 480px) 480px, (min-width: 481px) and (max-width: 980px) 980px, (min-width: 981px) 1024px, 100vw\" \/><\/figure>\n<\/figure>\n<\/div>\n<\/div>\n<\/div>\n","protected":false},"excerpt":{"rendered":"<p>On\u00a0December 9, 2024,\u00a0Greta Gober\u00a0delivered a lecture titled\u00a0&#8222;Inclusive Management and Leadership: Lessons from the Managing Newsroom Diversity Project&#8221;\u00a0as part of the\u00a0Academic Visions\u00a0course for second-year doctoral students at the\u00a0Doctoral School of Social Sciences, University of Warsaw. The session challenged common assumptions about diversity and leadership, encouraging students to think critically about\u00a0power, inclusion, and decision-making in organizations. Academic [&hellip;]<\/p>\n","protected":false},"author":4,"featured_media":3118,"comment_status":"closed","ping_status":"closed","sticky":false,"template":"","format":"standard","meta":{"_et_pb_use_builder":"off","_et_pb_old_content":"<!-- wp:paragraph {\"fontSize\":\"medium\"} -->\n<p class=\"has-medium-font-size\">The workshop titled \u201cUnity in Diversity! Cultivating Inclusive Excellence\u201d was sponsored by the Media, Management, and Transformation Center (MMTC), with Dr. Sumaya Hashim, Prof. Leona Achtenhagen, and Katarina Bl\u00e5man leading the charge. Greta was also involved in the workshop\u2019s planning and witnessed the behind-the-scenes process of this event coming together. It was a great experience to witness a community of engaged colleagues working together with warmth and laughter to make a truly unique event come together.<\/p>\n<!-- \/wp:paragraph -->\n\n<!-- wp:paragraph {\"fontSize\":\"medium\"} -->\n<p class=\"has-medium-font-size\">Dr. Gober presented the project on behalf of herself and Prof. Anna Jupowicz-Ginalska. The talk, titled \u201cFrom Polyphony to Epistemology: Rethinking Newsroom Diversity,\u201d argued that while including diverse voices (polyphony) enriches newsrooms, a deeper challenge remains: leveraging this diversity to enhance the knowledge base of journalism itself (epistemology).<\/p>\n<!-- \/wp:paragraph -->\n\n<!-- wp:paragraph {\"fontSize\":\"medium\"} -->\n<p class=\"has-medium-font-size\">The talk was delivered during the first session, which besides Greta featured Anna M\u00e5rtensson, a public prosecutor and educator from J\u00f6nk\u00f6ping, and Anna Edstedt, Head of Q By Consid, and a very patient and wise facilitator, Dr. Joaqu\u00edn Cestino from MMTC. The time the team took to prepare for the session \u2014 patiently learning about each other's work, to understand how their contributions aligned \u2014 was a true showcase of the session\u2019s title \u201cInnovation Unleashed: The Power of Inclusive Organizing.\u201d We all loved the experience, as it truly exemplified the collaborative spirit and innovation that can be achieved through inclusive organizing!<\/p>\n<!-- \/wp:paragraph -->\n\n<!-- wp:paragraph {\"fontSize\":\"medium\"} -->\n<p class=\"has-medium-font-size\">In the second session on \u201cThe New Workforce Paradigm in the Nordics: Navigating Diversity for Success,\u201d Rosa A. Indenbaum generously shared her wisdom, experience, and very concrete tools she uses to manage a truly diverse team at Trase - Intelligence for sustainable trade (without a dedicated budget \u2013 she stressed). Rosa reminded everyone that diversity and inclusion start with self-awareness and unlearning. Sandra Subel, who came to J\u00f6nk\u00f6ping all the way from Berlin, shared her experience and successes from the large-scale DEIB work she has been involved with as Global Head of D&amp;I Strategy with Axel Springer. The session was moderated by Prof. Timur Uman from MMTC.<\/p>\n<!-- \/wp:paragraph -->\n\n<!-- wp:paragraph {\"fontSize\":\"medium\"} -->\n<p class=\"has-medium-font-size\">The third session on \u201cInvesting in Diversity: A Blueprint for an Inclusive Economy\u201d featured two powerful presenters: Nora Bavey, a General Partner and Co-founder of Unconventional Ventures (UV) Accelerator - First digital accelerator for diverse founders, and Evelina Anttila, Founder &amp; Investor Wellstreet, VC firm dedication to their partners, and commitment to sustainability. A very illuminating session, where the speakers argued why we need financial ecosystems that support diverse founders. The session was moderated by Dr. Anna Nord\u00e9n from JIBS.<\/p>\n<!-- \/wp:paragraph -->\n\n<!-- wp:paragraph {\"fontSize\":\"medium\"} -->\n<p class=\"has-medium-font-size\">The day started with a pre-recorded talk from Paulina Brandberg, Minister for Gender Equality and Working Life. The talk was titled: \u201cWomen\u2019s Wallets: A Speech on Economic Equality and Action.\u201d All three main assumptions made by the Minister were challenged by the discussant, Prof. Helene Ahl from the School of Education and Communication, J\u00f6nk\u00f6ping University, who argued with the support of data why the debate on gender and entrepreneurship needs innovation to escape the dead end it currently finds itself in. Dr. Emilia Florin Samuelsson from MMTC moderated the session.<\/p>\n<!-- \/wp:paragraph -->\n\n<!-- wp:paragraph {\"fontSize\":\"medium\"} -->\n<p class=\"has-medium-font-size\">The Keynote session featured Petter Bj\u00f6rkeb\u00e4ck from The Village, JIBS Practitioner in Residence, who building on his years of work for IKEA as Senior People &amp; Culture Leader delivered a talk on \u201cInclusive design \u2013 Nothing is Neutral.\u201d The session also featured Dr. Marcela Ramirez Pasillas and was moderated by Dr. Thomas Cyron, both from MMTC.<\/p>\n<!-- \/wp:paragraph -->\n\n<!-- wp:paragraph {\"fontSize\":\"medium\"} -->\n<p class=\"has-medium-font-size\">The key takeaway from the event: while most of us agree that in order to thrive and grow as individuals, companies, or societies, we need people who are different from us to challenge us and reveal the world's complexity and beauty, we must now understand what inclusion truly entails. The workshop provided that much needed platform to start insightful discussions, share practical tools, and new perspectives on fostering diversity, inclusion, and innovation across various industries, emphasizing the transformative power of collaborative and inclusive approaches in navigating today's complex societal and organizational landscapes.<\/p>\n<!-- \/wp:paragraph -->\n\n<!-- wp:paragraph {\"fontSize\":\"medium\"} -->\n<p class=\"has-medium-font-size\">Pictures below and a short video from the event, prepared by <strong>Oskar Elvin<\/strong>, can be seen <a href=\"https:\/\/youtu.be\/Qn2L9_nmI0U?si=8Eu8I0kJBXnOQ3jH\" data-type=\"link\" data-id=\"https:\/\/youtu.be\/Qn2L9_nmI0U?si=8Eu8I0kJBXnOQ3jH\">here<\/a>.<\/p>\n<!-- \/wp:paragraph -->\n\n<!-- wp:gallery {\"linkTo\":\"none\"} -->\n<figure class=\"wp-block-gallery has-nested-images columns-default is-cropped\"><\/figure>\n<!-- \/wp:gallery -->\n\n<!-- wp:group {\"layout\":{\"type\":\"constrained\"}} -->\n<div class=\"wp-block-group\"><!-- wp:columns -->\n<div class=\"wp-block-columns\"><!-- wp:column {\"width\":\"100%\"} -->\n<div class=\"wp-block-column\" style=\"flex-basis:100%\"><!-- wp:gallery {\"linkTo\":\"none\"} -->\n<figure class=\"wp-block-gallery has-nested-images columns-default is-cropped\"><!-- wp:image {\"id\":2879,\"sizeSlug\":\"large\",\"linkDestination\":\"none\"} -->\n<figure class=\"wp-block-image size-large\"><img src=\"https:\/\/managingnewsroomdiversity.com\/wp-content\/uploads\/2024\/01\/jonkoping-4-1024x473.jpeg\" alt=\"\" class=\"wp-image-2879\"\/><\/figure>\n<!-- \/wp:image -->\n\n<!-- wp:image {\"id\":2887,\"sizeSlug\":\"large\",\"linkDestination\":\"none\"} -->\n<figure class=\"wp-block-image size-large\"><img src=\"https:\/\/managingnewsroomdiversity.com\/wp-content\/uploads\/2024\/04\/Jonkoping-3.jpg\" alt=\"\" class=\"wp-image-2887\"\/><\/figure>\n<!-- \/wp:image -->\n\n<!-- wp:image {\"id\":2888,\"sizeSlug\":\"large\",\"linkDestination\":\"none\"} -->\n<figure class=\"wp-block-image size-large\"><img src=\"https:\/\/managingnewsroomdiversity.com\/wp-content\/uploads\/2024\/04\/Jonkoping2.jpg\" alt=\"\" class=\"wp-image-2888\"\/><\/figure>\n<!-- \/wp:image -->\n\n<!-- wp:image {\"id\":2891,\"sizeSlug\":\"large\",\"linkDestination\":\"none\"} -->\n<figure class=\"wp-block-image size-large\"><img src=\"https:\/\/managingnewsroomdiversity.com\/wp-content\/uploads\/2024\/04\/Jonkoping-1.jpg\" alt=\"\" class=\"wp-image-2891\"\/><\/figure>\n<!-- \/wp:image --><\/figure>\n<!-- \/wp:gallery --><\/div>\n<!-- \/wp:column --><\/div>\n<!-- \/wp:columns -->\n\n<!-- wp:columns -->\n<div class=\"wp-block-columns\"><!-- wp:column -->\n<div class=\"wp-block-column\"><\/div>\n<!-- \/wp:column -->\n\n<!-- wp:column -->\n<div class=\"wp-block-column\"><\/div>\n<!-- \/wp:column --><\/div>\n<!-- \/wp:columns --><\/div>\n<!-- \/wp:group -->","_et_gb_content_width":"","footnotes":""},"categories":[25],"tags":[],"class_list":["post-3117","post","type-post","status-publish","format-standard","has-post-thumbnail","hentry","category-academic-outreach"],"_links":{"self":[{"href":"https:\/\/managingnewsroomdiversity.com\/pl\/wp-json\/wp\/v2\/posts\/3117"}],"collection":[{"href":"https:\/\/managingnewsroomdiversity.com\/pl\/wp-json\/wp\/v2\/posts"}],"about":[{"href":"https:\/\/managingnewsroomdiversity.com\/pl\/wp-json\/wp\/v2\/types\/post"}],"author":[{"embeddable":true,"href":"https:\/\/managingnewsroomdiversity.com\/pl\/wp-json\/wp\/v2\/users\/4"}],"replies":[{"embeddable":true,"href":"https:\/\/managingnewsroomdiversity.com\/pl\/wp-json\/wp\/v2\/comments?post=3117"}],"version-history":[{"count":1,"href":"https:\/\/managingnewsroomdiversity.com\/pl\/wp-json\/wp\/v2\/posts\/3117\/revisions"}],"predecessor-version":[{"id":3136,"href":"https:\/\/managingnewsroomdiversity.com\/pl\/wp-json\/wp\/v2\/posts\/3117\/revisions\/3136"}],"wp:featuredmedia":[{"embeddable":true,"href":"https:\/\/managingnewsroomdiversity.com\/pl\/wp-json\/wp\/v2\/media\/3118"}],"wp:attachment":[{"href":"https:\/\/managingnewsroomdiversity.com\/pl\/wp-json\/wp\/v2\/media?parent=3117"}],"wp:term":[{"taxonomy":"category","embeddable":true,"href":"https:\/\/managingnewsroomdiversity.com\/pl\/wp-json\/wp\/v2\/categories?post=3117"},{"taxonomy":"post_tag","embeddable":true,"href":"https:\/\/managingnewsroomdiversity.com\/pl\/wp-json\/wp\/v2\/tags?post=3117"}],"curies":[{"name":"wp","href":"https:\/\/api.w.org\/{rel}","templated":true}]}}