{"id":2950,"date":"2022-03-31T17:19:00","date_gmt":"2022-03-31T15:19:00","guid":{"rendered":"https:\/\/managingnewsroomdiversity.com\/2022\/03\/31\/wizyta-studyjna-w-sztokholmie-badanie-roznorodnosci-w-szwedzkich-redakcjach\/"},"modified":"2024-06-15T15:40:08","modified_gmt":"2024-06-15T13:40:08","slug":"wizyta-studyjna-w-sztokholmie-badanie-roznorodnosci-w-szwedzkich-redakcjach","status":"publish","type":"post","link":"https:\/\/managingnewsroomdiversity.com\/pl\/2022\/03\/31\/wizyta-studyjna-w-sztokholmie-badanie-roznorodnosci-w-szwedzkich-redakcjach\/","title":{"rendered":"Wizyta studyjna w Sztokholmie: Badanie r\u00f3\u017cnorodno\u015bci w szwedzkich redakcjach"},"content":{"rendered":"\n<p class=\"has-medium-font-size\"><strong>Na koniec marca 2022 roku rozpocz\u0119li\u015bmy drug\u0105 cz\u0119\u015b\u0107 bada\u0144 terenowych naszego projektu, maj\u0105c\u0105 na celu zbadanie praktyk dotycz\u0105cych zarz\u0105dzania r\u00f3\u017cnorodno\u015bcia w szwedzkich redakcjach.<\/strong><\/p>\n\n<p class=\"has-medium-font-size\">Kontynuuj\u0105c harmonogram bada\u0144 terenowych, Greta i Micha\u0142 udali si\u0119 na niemal tygodniow\u0105 wizyt\u0119 do Sztokholmu, aby zmapowa\u0107 inicjatywy i praktyki zwi\u0105zane z r\u00f3\u017cnorodno\u015bci\u0105 i integracj\u0105 (D&amp;I) w wybranych organizacjach newsowych w Szwecji. <\/p>\n\n<p class=\"has-medium-font-size\">Szwecja stanowi interesuj\u0105cy przypadek, je\u015bli chodzi o tradycj\u0119 zarz\u0105dzania r\u00f3\u017cnorodno\u015bci\u0105. Z jednej strony Szwecja przechodzi transformacj\u0119 z powodu imigracji i nap\u0142ywu uchod\u017ac\u00f3w, staj\u0105c si\u0119 spo\u0142ecze\u0144stwem bardziej heterogenicznym. Mimo i\u017c kraj ten ma stosunkowo niewielkie do\u015bwiadczenie w zarz\u0105dzaniu r\u00f3\u017cnorodno\u015bci\u0105, to w dalszym ci\u0105gu uchodzi za spo\u0142ecze\u0144stwo otwarte i liberalne. Z drugiej strony, kilka lat temu w Szwecji wybuch\u0142a wa\u017cna publiczna debata, po tym jak list protestacyjny &#8222;Czyje jest Szwedzkie Radio?&#8221; (Vems SR? Ett upprop f\u00f6r representation och mot rasism p\u00e5 Sveriges Radio), zainicjowany przez dziennikarzy z mniejszo\u015bci, rozpocz\u0105\u0142 dyskusj\u0119 na temat s\u0142abej reprezentacji mniejszo\u015bci i rasizmu w Szwedzkim Radiu.<\/p>\n\n<p class=\"has-medium-font-size\">Podczas wyjazdu (28 marca \u2013 1 kwietnia 2022 r.) naszym celem by\u0142o zbadanie praktyk D&amp;I w szwedzkich mediach, aby finalnie wybra\u0107 pi\u0119\u0107 organizacji do dog\u0142\u0119bnych bada\u0144 (wywiady i wywiady-pami\u0119tniki). Kilku ekspert\u00f3w i naukowc\u00f3w zajmuj\u0105cych si\u0119 mediami i r\u00f3\u017cnorodno\u015bci\u0105 w Szwecji wspiera\u0142o nasze wybory, w szczeg\u00f3lno\u015bci Daniel S. Ogalde, Kierownik Projektu w Instytucie Medi\u00f3w Fojo oraz Sayaka Osanami T\u00f6rngren, adiunktka w zakresie migracji mi\u0119dzynarodowych i stosunk\u00f3w etnicznych na Uniwersytecie w Malm\u00f6, kt\u00f3ra jest r\u00f3wnie\u017c cz\u0142onkiem Rady Doradczej naszego projektu. Mieli\u015bmy r\u00f3wnie\u017c okazj\u0119 spotka\u0107 si\u0119 na kolacji z prof. Gunnarem Nygrenem ze S\u00f6dert\u00f6rn University, gdzie om\u00f3wili\u015bmy nasze plany badawcze i dzia\u0142ania dotycz\u0105ce rozpowszechniania wynik\u00f3w projektu.<\/p>\n\n<p class=\"has-medium-font-size\">Ostatecznie wybrano pr\u00f3bk\u0119 organizacji medialnych, kt\u00f3ra obejmuje media publiczne SVT (telewizja) i SR (radio), gazet\u0119 dzienn\u0105 Dagens Nyheter (Bonnier News) oraz Aftonbladet (Schibsted), oraz alternatywne wydawnictwo cyfrowe o nazwie Feminist Perspective (Fempers). Zesp\u00f3\u0142 zamierza zako\u0144czy\u0107 etap zbierania danych projektu do ko\u0144ca wrze\u015bnia 2022 roku.<\/p>\n\n<p class=\"has-medium-font-size\">Chcieliby\u015bmy serdecznie podzi\u0119kowa\u0107 wszystkim uczestnikom wywiad\u00f3w za po\u015bwi\u0119cony czas i entuzjazm w wspieraniu naszych bada\u0144, a szczeg\u00f3lnie dziennikarzom, kt\u00f3rzy zainicjowali list protestacyjny \u201eVems SR\u201d i na nowo rozpalili debat\u0119 na temat zarz\u0105dzania r\u00f3\u017cnorodno\u015bci\u0105 w szwedzkich mediach. <\/p>\n\n<hr class=\"wp-block-separator has-css-opacity\"\/>\n\n<figure class=\"wp-block-image size-large\"><img loading=\"lazy\" decoding=\"async\" width=\"1024\" height=\"768\" src=\"https:\/\/managingnewsroomdiversity.com\/wp-content\/uploads\/2022\/10\/IMG_9808-1024x768.jpg\" alt=\"\" class=\"wp-image-2087\" srcset=\"https:\/\/managingnewsroomdiversity.com\/wp-content\/uploads\/2022\/10\/IMG_9808-980x735.jpg 980w, https:\/\/managingnewsroomdiversity.com\/wp-content\/uploads\/2022\/10\/IMG_9808-480x360.jpg 480w\" sizes=\"(min-width: 0px) and (max-width: 480px) 480px, (min-width: 481px) and (max-width: 980px) 980px, (min-width: 981px) 1024px, 100vw\" \/><figcaption class=\"wp-element-caption\">Wizyta studyjna w Szwedzkim Radiu. <\/figcaption><\/figure>\n\n<p><\/p>\n\n<figure class=\"wp-block-gallery has-nested-images columns-default is-cropped wp-block-gallery-1 is-layout-flex wp-block-gallery-is-layout-flex\">\n<figure class=\"wp-block-image size-large\"><img loading=\"lazy\" decoding=\"async\" width=\"768\" height=\"1024\" data-id=\"2084\" src=\"https:\/\/managingnewsroomdiversity.com\/wp-content\/uploads\/2022\/10\/IMG_9769-768x1024.jpg\" alt=\"\" class=\"wp-image-2084\"\/><\/figure>\n\n\n\n<figure class=\"wp-block-image size-full\"><img decoding=\"async\" data-id=\"2745\" src=\"https:\/\/managingnewsroomdiversity.com\/wp-content\/uploads\/2022\/03\/IMG_9771.heic\" alt=\"\" class=\"wp-image-2745\"\/><\/figure>\n\n\n\n<figure class=\"wp-block-image size-large\"><img decoding=\"async\" data-id=\"2747\" src=\"https:\/\/managingnewsroomdiversity.com\/wp-content\/uploads\/2022\/03\/IMG_9805.heic\" alt=\"\" class=\"wp-image-2747\"\/><\/figure>\n<figcaption class=\"blocks-gallery-caption wp-element-caption\">Badania terenowe w Sztokholmie, marzec 2022<\/figcaption><\/figure>\n","protected":false},"excerpt":{"rendered":"<p>Na koniec marca 2022 roku rozpocz\u0119li\u015bmy drug\u0105 cz\u0119\u015b\u0107 bada\u0144 terenowych naszego projektu, maj\u0105c\u0105 na celu zbadanie praktyk dotycz\u0105cych zarz\u0105dzania r\u00f3\u017cnorodno\u015bcia w szwedzkich redakcjach. Kontynuuj\u0105c harmonogram bada\u0144 terenowych, Greta i Micha\u0142 udali si\u0119 na niemal tygodniow\u0105 wizyt\u0119 do Sztokholmu, aby zmapowa\u0107 inicjatywy i praktyki zwi\u0105zane z r\u00f3\u017cnorodno\u015bci\u0105 i integracj\u0105 (D&amp;I) w wybranych organizacjach newsowych w Szwecji. [&hellip;]<\/p>\n","protected":false},"author":4,"featured_media":2395,"comment_status":"closed","ping_status":"closed","sticky":false,"template":"","format":"standard","meta":{"_et_pb_use_builder":"off","_et_pb_old_content":"","_et_gb_content_width":"","footnotes":""},"categories":[1],"tags":[],"class_list":["post-2950","post","type-post","status-publish","format-standard","has-post-thumbnail","hentry","category-partnerships"],"_links":{"self":[{"href":"https:\/\/managingnewsroomdiversity.com\/pl\/wp-json\/wp\/v2\/posts\/2950"}],"collection":[{"href":"https:\/\/managingnewsroomdiversity.com\/pl\/wp-json\/wp\/v2\/posts"}],"about":[{"href":"https:\/\/managingnewsroomdiversity.com\/pl\/wp-json\/wp\/v2\/types\/post"}],"author":[{"embeddable":true,"href":"https:\/\/managingnewsroomdiversity.com\/pl\/wp-json\/wp\/v2\/users\/4"}],"replies":[{"embeddable":true,"href":"https:\/\/managingnewsroomdiversity.com\/pl\/wp-json\/wp\/v2\/comments?post=2950"}],"version-history":[{"count":1,"href":"https:\/\/managingnewsroomdiversity.com\/pl\/wp-json\/wp\/v2\/posts\/2950\/revisions"}],"predecessor-version":[{"id":2951,"href":"https:\/\/managingnewsroomdiversity.com\/pl\/wp-json\/wp\/v2\/posts\/2950\/revisions\/2951"}],"wp:featuredmedia":[{"embeddable":true,"href":"https:\/\/managingnewsroomdiversity.com\/pl\/wp-json\/wp\/v2\/media\/2395"}],"wp:attachment":[{"href":"https:\/\/managingnewsroomdiversity.com\/pl\/wp-json\/wp\/v2\/media?parent=2950"}],"wp:term":[{"taxonomy":"category","embeddable":true,"href":"https:\/\/managingnewsroomdiversity.com\/pl\/wp-json\/wp\/v2\/categories?post=2950"},{"taxonomy":"post_tag","embeddable":true,"href":"https:\/\/managingnewsroomdiversity.com\/pl\/wp-json\/wp\/v2\/tags?post=2950"}],"curies":[{"name":"wp","href":"https:\/\/api.w.org\/{rel}","templated":true}]}}