{"id":2946,"date":"2022-03-29T17:19:00","date_gmt":"2022-03-29T15:19:00","guid":{"rendered":"https:\/\/managingnewsroomdiversity.com\/2022\/03\/29\/spotkanie-dorazne-rady-doradczej-utworzenie-ukrainskiej-grupy-zadaniowej-ds-roznorodnosci-mediow\/"},"modified":"2024-06-15T14:56:34","modified_gmt":"2024-06-15T12:56:34","slug":"spotkanie-dorazne-rady-doradczej-utworzenie-ukrainskiej-grupy-zadaniowej-ds-roznorodnosci-mediow","status":"publish","type":"post","link":"https:\/\/managingnewsroomdiversity.com\/pl\/2022\/03\/29\/spotkanie-dorazne-rady-doradczej-utworzenie-ukrainskiej-grupy-zadaniowej-ds-roznorodnosci-mediow\/","title":{"rendered":"Spotkanie dora\u017ane Rady Doradczej: Utworzenie Ukrai\u0144skiej Grupy Zadaniowej ds. R\u00f3\u017cnorodno\u015bci Medi\u00f3w"},"content":{"rendered":"\n<p class=\"has-medium-font-size\"><strong><strong>Dr. Greta Gober b\u0119dzie kierowa\u0107 nowo utworzon\u0105 Ukrai\u0144sko-Polsk\u0105 Grup\u0105 Robocz\u0105 ds. R\u00f3\u017cnorodno\u015bci Medi\u00f3w.<\/strong>.<\/strong><\/p>\n\n<p class=\"has-medium-font-size\">24 lutego 2022 roku rozpocz\u0119\u0142a si\u0119 rosyjska inwazja na Ukrain\u0119, kt\u00f3ra wstrz\u0105sn\u0119\u0142a ca\u0142ym \u015bwiatem. W zwi\u0105zku z now\u0105 sytuacj\u0105 geopolityczn\u0105 oraz migracj\u0105 obywateli Ukrainy do Polski, zesp\u00f3\u0142 projektowy zwo\u0142a\u0142 ad hoc posiedzenie Rady Doradczej. Spotkanie odby\u0142o si\u0119 23 marca (online), a jego celem by\u0142a dyskusja na temat roli i odpowiedzialno\u015bci naszego projektu w tej sytuacji. Wojna mia\u0142a oczywisty wp\u0142yw na funkcjonowanie polskich medi\u00f3w i zak\u0142\u00f3ci\u0142a nasze prace terenowe w Polsce na ponad miesi\u0105c. Kiedy powoli zacz\u0119li\u015bmy wychodzi\u0107 ze strefy \u201eszoku\u201d, chcieli\u015bmy om\u00f3wi\u0107, w jaki spos\u00f3b zrestrukturyzowa\u0107 cele naszego projektu, aby najlepiej odzwierciedli\u0107 i uwzgl\u0119dni\u0107 t\u0119 now\u0105 rzeczywisto\u015b\u0107 w badaniach terenowych i ramach projektu. <\/p>\n\n<p class=\"has-medium-font-size\">Pami\u0119tali\u015bmy podobne dyskusje na temat roli medi\u00f3w w czasach kryzysu, np. niedawn\u0105 w nast\u0119pstwie pandemii Covid-19. Jednak teraz sytuacja by\u0142a inna ze wzgl\u0119du na kryzys humanitarny, kt\u00f3rego wszyscy \u201espodziewali si\u0119, \u017ce nast\u0105pi\u201d. Redakcje, kt\u00f3re badamy, takie jak TOK FM, OKO.Press, Onet.pl i Radio Kampus, ju\u017c relacjonowa\u0142y historie pomocy uchod\u017acom, a tak\u017ce informowa\u0142y o przyk\u0142adach przemocy wobec os\u00f3b czarnosk\u00f3rych na wschodnich granicach Unii Europejskiej. <\/p>\n\n<p class=\"has-medium-font-size\">Nasza Rada Doradcza podziela\u0142a nasze poczucie pilno\u015bci, jednocze\u015bnie zalecaj\u0105c cierpliwo\u015b\u0107 w umo\u017cliwieniu polskim redakcjom dostosowania si\u0119 do tej nowej rzeczywisto\u015bci. Christian Christensen i Margaret Amaka Ohia-Nowak zgodzili si\u0119, \u017ce ramy projektu mog\u0105 stanowi\u0107 punkt odniesienia do dyskusji na temat rasizmu i urasowienia, por\u00f3wnuj\u0105c relacje polskich medi\u00f3w na temat odmiennego przyj\u0119cia uchod\u017ac\u00f3w na granicy ukrai\u0144skiej i bia\u0142oruskiej. Skupiaj\u0105c si\u0119 na p\u0142ci, rasie i reprezentacji w relacjach medialnych dotycz\u0105cych kryzysu humanitarnego, mogliby\u015bmy zebra\u0107 dowody empiryczne, aby pog\u0142\u0119bi\u0107 dyskusj\u0119 na temat tego, jak wygl\u0105daj\u0105 kwestie inkluzywno\u015bci i r\u00f3\u017cnorodno\u015bci, gdy w gr\u0119 wchodz\u0105 r\u00f3\u017cne czynniki (np. narodowo\u015b\u0107 i rasa). <\/p>\n\n<p class=\"has-medium-font-size\">Sandra Subel popar\u0142a pomys\u0142 skupienia si\u0119 na reprezentacji kobiet i dzieci w relacjach medialnych. Sayaka Osanami Torngren i Julie Posetti m\u0105drze doradzi\u0142y, aby\u015bmy mieli oczy szeroko otwarte na mo\u017cliwo\u015b\u0107 prowadzenia r\u00f3wnoleg\u0142ych dzia\u0142a\u0144 w ramach tzw. Ukrai\u0144skiej Grupy Roboczej. W\u015br\u00f3d kluczowych pyta\u0144 znajduj\u0105 si\u0119: czego mo\u017cemy dowiedzie\u0107 si\u0119 na temat innowacji stosowanych przez redakcje w sytuacjach kryzysowych? W jaki spos\u00f3b takie transformacje wp\u0142ywaj\u0105 na r\u00f3\u017cnorodno\u015b\u0107 i jak dziennikarze radz\u0105 sobie psychiznie z relacjonowaniem wojny i rozwijaj\u0105cego si\u0119 kryzysu humanitarnego? Jakie s\u0105 ich \u201emartwe pola\u201d i czy redakcje zdaj\u0105 sobie z tego spraw\u0119? <\/p>\n\n<p class=\"has-medium-font-size\">Wszyscy zgodzili\u015bmy si\u0119 przeprowadzi\u0107 dodatkowe badania nad reprezentacj\u0105 p\u0142ci, rasy i medi\u00f3w w kontek\u015bcie wojny na Ukrainie. Co wi\u0119cej, zaproponowali\u015bmy zorganizowanie okr\u0105g\u0142ego sto\u0142u z przedstawicielami medi\u00f3w, organizacji pozarz\u0105dowych (NGO) oraz innych organizacji po\u017cytku publicznego zaanga\u017cowanych w kryzys humanitarny w Polsce. Dyskusja mia\u0142aby dotyczy\u0107 roli medi\u00f3w w kszta\u0142towaniu postaw tolerancji i szacunku dla r\u00f3\u017cnorodno\u015bci w czasach wojny i kryzysu. <\/p>\n\n<p class=\"has-medium-font-size\">Jeste\u015bmy bardzo wdzi\u0119czni naszej Radzie Doradczej za spotkanie si\u0119 z nami w tak kr\u00f3tkim czasie oraz za wsparcie naszego zespo\u0142u i cel\u00f3w projektu w tych trudnych chwilach. Ukrai\u0144sk\u0105 Grup\u0105 Robocz\u0105 kierowa\u0107 b\u0119dzie Greta Gober, a w jego pracach we\u017amie udzia\u0142 Anna Jupowicz-Ginalska. <\/p>\n\n<hr class=\"wp-block-separator has-css-opacity\"\/>\n\n<figure class=\"wp-block-image size-large\"><img loading=\"lazy\" decoding=\"async\" width=\"1024\" height=\"768\" src=\"https:\/\/managingnewsroomdiversity.com\/wp-content\/uploads\/2022\/09\/IMG_9735-1024x768.jpg\" alt=\"\" class=\"wp-image-2059\" srcset=\"https:\/\/managingnewsroomdiversity.com\/wp-content\/uploads\/2022\/09\/IMG_9735-980x735.jpg 980w, https:\/\/managingnewsroomdiversity.com\/wp-content\/uploads\/2022\/09\/IMG_9735-480x360.jpg 480w\" sizes=\"(min-width: 0px) and (max-width: 480px) 480px, (min-width: 481px) and (max-width: 980px) 980px, (min-width: 981px) 1024px, 100vw\" \/><figcaption>Sn\u00f6s\u00e4tra &#8211; Galeria Graffiti w Sztokholmie, marzec 2022. <\/figcaption><\/figure>\n\n<p><\/p>\n\n<figure class=\"wp-block-gallery has-nested-images columns-default is-cropped wp-block-gallery-1 is-layout-flex wp-block-gallery-is-layout-flex\">\n<figure class=\"wp-block-image size-large\"><img loading=\"lazy\" decoding=\"async\" width=\"768\" height=\"1024\" data-id=\"2060\" src=\"https:\/\/managingnewsroomdiversity.com\/wp-content\/uploads\/2022\/09\/IMG_9593-768x1024.jpg\" alt=\"\" class=\"wp-image-2060\"\/><\/figure>\n\n\n\n<figure class=\"wp-block-image size-large\"><img loading=\"lazy\" decoding=\"async\" width=\"768\" height=\"1024\" data-id=\"2061\" src=\"https:\/\/managingnewsroomdiversity.com\/wp-content\/uploads\/2022\/09\/IMG_9862-768x1024.jpg\" alt=\"\" class=\"wp-image-2061\"\/><\/figure>\n\n\n\n<figure class=\"wp-block-image size-full\"><img loading=\"lazy\" decoding=\"async\" width=\"828\" height=\"621\" data-id=\"2062\" src=\"https:\/\/managingnewsroomdiversity.com\/wp-content\/uploads\/2022\/09\/IMG_9865.jpg\" alt=\"\" class=\"wp-image-2062\" srcset=\"https:\/\/managingnewsroomdiversity.com\/wp-content\/uploads\/2022\/09\/IMG_9865.jpg 828w, https:\/\/managingnewsroomdiversity.com\/wp-content\/uploads\/2022\/09\/IMG_9865-480x360.jpg 480w\" sizes=\"(min-width: 0px) and (max-width: 480px) 480px, (min-width: 481px) 828px, 100vw\" \/><\/figure>\n<figcaption class=\"blocks-gallery-caption\">#Solidarno\u015b\u0107zUkrain\u0105 Zdj\u0119cia z Warszawy i Sztokholmu, luty &#8211; marzec 2022. <\/figcaption><\/figure>\n","protected":false},"excerpt":{"rendered":"<p>Dr. Greta Gober b\u0119dzie kierowa\u0107 nowo utworzon\u0105 Ukrai\u0144sko-Polsk\u0105 Grup\u0105 Robocz\u0105 ds. R\u00f3\u017cnorodno\u015bci Medi\u00f3w.. 24 lutego 2022 roku rozpocz\u0119\u0142a si\u0119 rosyjska inwazja na Ukrain\u0119, kt\u00f3ra wstrz\u0105sn\u0119\u0142a ca\u0142ym \u015bwiatem. W zwi\u0105zku z now\u0105 sytuacj\u0105 geopolityczn\u0105 oraz migracj\u0105 obywateli Ukrainy do Polski, zesp\u00f3\u0142 projektowy zwo\u0142a\u0142 ad hoc posiedzenie Rady Doradczej. Spotkanie odby\u0142o si\u0119 23 marca (online), a jego [&hellip;]<\/p>\n","protected":false},"author":4,"featured_media":2387,"comment_status":"closed","ping_status":"closed","sticky":false,"template":"","format":"standard","meta":{"_et_pb_use_builder":"off","_et_pb_old_content":"","_et_gb_content_width":"","footnotes":""},"categories":[1],"tags":[],"class_list":["post-2946","post","type-post","status-publish","format-standard","has-post-thumbnail","hentry","category-partnerships"],"_links":{"self":[{"href":"https:\/\/managingnewsroomdiversity.com\/pl\/wp-json\/wp\/v2\/posts\/2946"}],"collection":[{"href":"https:\/\/managingnewsroomdiversity.com\/pl\/wp-json\/wp\/v2\/posts"}],"about":[{"href":"https:\/\/managingnewsroomdiversity.com\/pl\/wp-json\/wp\/v2\/types\/post"}],"author":[{"embeddable":true,"href":"https:\/\/managingnewsroomdiversity.com\/pl\/wp-json\/wp\/v2\/users\/4"}],"replies":[{"embeddable":true,"href":"https:\/\/managingnewsroomdiversity.com\/pl\/wp-json\/wp\/v2\/comments?post=2946"}],"version-history":[{"count":1,"href":"https:\/\/managingnewsroomdiversity.com\/pl\/wp-json\/wp\/v2\/posts\/2946\/revisions"}],"predecessor-version":[{"id":2947,"href":"https:\/\/managingnewsroomdiversity.com\/pl\/wp-json\/wp\/v2\/posts\/2946\/revisions\/2947"}],"wp:featuredmedia":[{"embeddable":true,"href":"https:\/\/managingnewsroomdiversity.com\/pl\/wp-json\/wp\/v2\/media\/2387"}],"wp:attachment":[{"href":"https:\/\/managingnewsroomdiversity.com\/pl\/wp-json\/wp\/v2\/media?parent=2946"}],"wp:term":[{"taxonomy":"category","embeddable":true,"href":"https:\/\/managingnewsroomdiversity.com\/pl\/wp-json\/wp\/v2\/categories?post=2946"},{"taxonomy":"post_tag","embeddable":true,"href":"https:\/\/managingnewsroomdiversity.com\/pl\/wp-json\/wp\/v2\/tags?post=2946"}],"curies":[{"name":"wp","href":"https:\/\/api.w.org\/{rel}","templated":true}]}}