{"id":2939,"date":"2022-09-01T13:51:00","date_gmt":"2022-09-01T11:51:00","guid":{"rendered":"https:\/\/managingnewsroomdiversity.com\/2022\/09\/01\/ukrainska-grupa-zadaniowa-ds-roznorodnosci-mediow-prowadzi-rozmowy-z-rzecznikiem-praw-czlowieka-w-celu-zorganizowania-okraglego-stolu\/"},"modified":"2024-06-08T22:02:37","modified_gmt":"2024-06-08T20:02:37","slug":"ukrainska-grupa-zadaniowa-ds-roznorodnosci-mediow-prowadzi-rozmowy-z-rzecznikiem-praw-czlowieka-w-celu-zorganizowania-okraglego-stolu","status":"publish","type":"post","link":"https:\/\/managingnewsroomdiversity.com\/pl\/2022\/09\/01\/ukrainska-grupa-zadaniowa-ds-roznorodnosci-mediow-prowadzi-rozmowy-z-rzecznikiem-praw-czlowieka-w-celu-zorganizowania-okraglego-stolu\/","title":{"rendered":"Ukrai\u0144ska Grupa Zadaniowa ds. R\u00f3\u017cnorodno\u015bci Medi\u00f3w prowadzi rozmowy z Rzecznikiem Praw Cz\u0142owieka w celu zorganizowania okr\u0105g\u0142ego sto\u0142u"},"content":{"rendered":"\n<p class=\"has-medium-font-size\"><strong>W ramach dzia\u0142a\u0144 na rzecz r\u00f3\u017cnorodno\u015bci w dziennikarstwie \u2013 Ukrai\u0144ska Grupa Zadaniowa zaprosi\u0142a Rzecznika Praw Cz\u0142owieka do wsp\u00f3\u0142organizacji publicznej debaty na temat roli medi\u00f3w w kszta\u0142towaniu postaw tolerancji i szacunku dla r\u00f3\u017cnorodno\u015bci w czasach wojny i kryzysu.<\/strong><\/p>\n\n<p class=\"has-medium-font-size\">Po spotkaniu dora\u017anym Rady Doradczej projektu oraz powo\u0142aniu Ukrai\u0144skiej Grupy Zadaniowej ds. R\u00f3\u017cnorodno\u015bci Medi\u00f3w kierowanej przez Gret\u0119 Gober, zaproszono Rzecznika do zorganizowania debaty publicznej pod auspicjami jego biura. <\/p>\n\n<p class=\"has-medium-font-size\">Debata skupi\u0142aby si\u0119 na roli medi\u00f3w w kszta\u0142towaniu postaw tolerancji i szacunku dla r\u00f3\u017cnorodno\u015bci, zw\u0142aszcza w czasach wojny i kryzysu. W wydarzeniu wzi\u0119liby udzia\u0142 przedstawiciele medi\u00f3w, spo\u0142ecze\u0144stwa obywatelskiego oraz badacze.<\/p>\n\n<p class=\"has-medium-font-size\">Agresja Rosji na Ukrain\u0119 i sytuacja os\u00f3b uciekaj\u0105cych przed wojn\u0105 do Polski stawiaj\u0105 zar\u00f3wno przed mediami, jak i spo\u0142ecze\u0144stwem obywatelskim liczne wyzwania i odpowiedzialno\u015b\u0107. Jak\u0105 rol\u0119 powinny odgrywa\u0107 media i dziennikarze w kszta\u0142towaniu postaw tolerancji i szacunku dla r\u00f3\u017cnorodno\u015bci w czasach wojny? A jak\u0105 rol\u0119 w tej sytuacji odgrywamy my \u2013 zwykli obywatele, przedstawiciele organizacji pozarz\u0105dowych, samorz\u0105d\u00f3w lokalnych, stowarzysze\u0144 lokalnych i naukowcy?<\/p>\n\n<p class=\"has-medium-font-size\">R\u00f3\u017cnorodno\u015b\u0107 i integracja pozostaj\u0105 wyzwaniem dla medi\u00f3w na ca\u0142ym \u015bwiecie, w tym r\u00f3wnie\u017c w Polsce. Najnowszy raport <a href=\"https:\/\/whomakesthenews.org\/wp-content\/uploads\/2022\/02\/GMMP-POLSKA-2020.pdf\" target=\"_blank\" rel=\"noreferrer noopener\">Globalnego Monitoringu Medi\u00f3w Polska 2020<\/a> jasno to pokazuje. <\/p>\n\n<p class=\"has-medium-font-size\">Udzia\u0142 kobiet w polskich mediach informacyjnych pozostaje praktycznie niezmieniony od czasu, gdy Polska po raz pierwszy wzi\u0119\u0142a udzia\u0142 w Globalnym Projekcie Monitoringu Medi\u00f3w w 1995 roku. W 2020 roku kobiety stanowi\u0142y 27% os\u00f3b widzianych i s\u0142yszanych w mediach informacyjnych w danym dniu. G\u0142osy mniejszo\u015bci, zar\u00f3wno etnicznych, seksualnych, jak i os\u00f3b z niepe\u0142nosprawno\u015bciami, s\u0105 praktycznie nieobecne w przekazie medialnym, nawet w historiach, kt\u00f3re bezpo\u015brednio ich dotycz\u0105. <\/p>\n\n<p class=\"has-medium-font-size\">Wszyscy chyba dzisiaj zgadzamy si\u0119 co do tego, \u017ce media demokratyczne powinny by\u0107 r\u00f3\u017cnorodne i otwarte. Mimo to, innowacyjne przyk\u0142ady i wiedza na temat tego, jak redakcje i dziennikarze mog\u0105 wspiera\u0107 r\u00f3\u017cnorodno\u015b\u0107 w mediach, ( nadal ) s\u0105 trudne do znalezienia. Czy sojusz medi\u00f3w obywatelskich i dziennikarskich mo\u017ce by\u0107 rozwi\u0105zaniem? Je\u015bli tak, to jak powinien wygl\u0105da\u0107 taki sojusz? Czy wsp\u00f3\u0142praca redakcji z organizacjami i spo\u0142ecze\u0144stwem obywatelskim niesie ze sob\u0105 wi\u0119cej pu\u0142apek czy korzy\u015bci? Jakie jeszcze rozwi\u0105zania istniej\u0105, aby wspiera\u0107 r\u00f3\u017cnorodno\u015b\u0107 w czasach kryzysu i wojny? Mamy nadziej\u0119, \u017ce ta debata stanie si\u0119 fundamentem naszych wsp\u00f3lnych aspiracji do zmian, do wspierania r\u00f3\u017cnorodno\u015bci w mediach, szczeg\u00f3lnie w obliczu dynamicznie zmieniaj\u0105cej si\u0119 sytuacji w ca\u0142ej Europie, gdzie warto\u015bci liberalne s\u0105 nadal kwestionowane, a w niekt\u00f3rych miejscach ulegaj\u0105 erozji, a nawet ca\u0142kowitemu zatarciu. <\/p>\n","protected":false},"excerpt":{"rendered":"<p>W ramach dzia\u0142a\u0144 na rzecz r\u00f3\u017cnorodno\u015bci w dziennikarstwie \u2013 Ukrai\u0144ska Grupa Zadaniowa zaprosi\u0142a Rzecznika Praw Cz\u0142owieka do wsp\u00f3\u0142organizacji publicznej debaty na temat roli medi\u00f3w w kszta\u0142towaniu postaw tolerancji i szacunku dla r\u00f3\u017cnorodno\u015bci w czasach wojny i kryzysu. Po spotkaniu dora\u017anym Rady Doradczej projektu oraz powo\u0142aniu Ukrai\u0144skiej Grupy Zadaniowej ds. R\u00f3\u017cnorodno\u015bci Medi\u00f3w kierowanej przez Gret\u0119 Gober, [&hellip;]<\/p>\n","protected":false},"author":4,"featured_media":2398,"comment_status":"closed","ping_status":"closed","sticky":false,"template":"","format":"standard","meta":{"_et_pb_use_builder":"off","_et_pb_old_content":"","_et_gb_content_width":"","footnotes":""},"categories":[30],"tags":[],"class_list":["post-2939","post","type-post","status-publish","format-standard","has-post-thumbnail","hentry","category-spoleczna-rola-projektu"],"_links":{"self":[{"href":"https:\/\/managingnewsroomdiversity.com\/pl\/wp-json\/wp\/v2\/posts\/2939"}],"collection":[{"href":"https:\/\/managingnewsroomdiversity.com\/pl\/wp-json\/wp\/v2\/posts"}],"about":[{"href":"https:\/\/managingnewsroomdiversity.com\/pl\/wp-json\/wp\/v2\/types\/post"}],"author":[{"embeddable":true,"href":"https:\/\/managingnewsroomdiversity.com\/pl\/wp-json\/wp\/v2\/users\/4"}],"replies":[{"embeddable":true,"href":"https:\/\/managingnewsroomdiversity.com\/pl\/wp-json\/wp\/v2\/comments?post=2939"}],"version-history":[{"count":1,"href":"https:\/\/managingnewsroomdiversity.com\/pl\/wp-json\/wp\/v2\/posts\/2939\/revisions"}],"predecessor-version":[{"id":2940,"href":"https:\/\/managingnewsroomdiversity.com\/pl\/wp-json\/wp\/v2\/posts\/2939\/revisions\/2940"}],"wp:featuredmedia":[{"embeddable":true,"href":"https:\/\/managingnewsroomdiversity.com\/pl\/wp-json\/wp\/v2\/media\/2398"}],"wp:attachment":[{"href":"https:\/\/managingnewsroomdiversity.com\/pl\/wp-json\/wp\/v2\/media?parent=2939"}],"wp:term":[{"taxonomy":"category","embeddable":true,"href":"https:\/\/managingnewsroomdiversity.com\/pl\/wp-json\/wp\/v2\/categories?post=2939"},{"taxonomy":"post_tag","embeddable":true,"href":"https:\/\/managingnewsroomdiversity.com\/pl\/wp-json\/wp\/v2\/tags?post=2939"}],"curies":[{"name":"wp","href":"https:\/\/api.w.org\/{rel}","templated":true}]}}