{"id":2933,"date":"2021-12-29T13:51:00","date_gmt":"2021-12-29T12:51:00","guid":{"rendered":"https:\/\/managingnewsroomdiversity.com\/2021\/12\/29\/budowanie-sieci-partnerow-projektu\/"},"modified":"2024-06-07T19:40:42","modified_gmt":"2024-06-07T17:40:42","slug":"budowanie-sieci-partnerow-projektu","status":"publish","type":"post","link":"https:\/\/managingnewsroomdiversity.com\/pl\/2021\/12\/29\/budowanie-sieci-partnerow-projektu\/","title":{"rendered":"Budowanie Sieci Partner\u00f3w Projektu"},"content":{"rendered":"\n<p class=\"has-medium-font-size\"><strong>Utworzenie Sieci Partner\u00f3w Projektu by\u0142o jednym z naszych kluczowych cel\u00f3w. <\/strong><\/p>\n\n<p class=\"has-medium-font-size\">Od samego pocz\u0105tku projekt zosta\u0142 zaplanowany jako wsp\u00f3\u0142praca pomi\u0119dzy Zespo\u0142em Badawczym, Rad\u0105 Doradcz\u0105 oraz Sieci\u0105 Partner\u00f3w Projektu. Za\u0142o\u017cyli\u015bmy, \u017ce nowa i praktyczna wiedza na temat wdra\u017cania zarz\u0105dzania r\u00f3\u017cnorodno\u015bci\u0105 jako czynnika innowacyjno\u015bci w dziennikarstwie b\u0119dzie najlepiej wypracowywana, udost\u0119pniana i omawiana w\u0142a\u015bnie z pomoc\u0105 Sieci Partner\u00f3w Projektu. Wyobra\u017cali\u015bmy sobie, \u017ce Sie\u0107 Partner\u00f3w Projektu b\u0119dzie obejmowa\u0107 powi\u0105zane centra badawcze bran\u017cy medialnej, organizacje medialne oraz profesjonalist\u00f3w zaanga\u017cowanych w promowanie inkluzywno\u015bci spo\u0142ecznej w mediach.<\/p>\n\n<p class=\"has-medium-font-size\">Z ogromn\u0105 przyjemno\u015bci\u0105 informujemy, \u017ce Sie\u0107 Partner\u00f3w Projektu liczy ju\u017c dw\u00f3ch cz\u0142onk\u00f3w! <\/p>\n\n<p class=\"has-medium-font-size\"><strong>OKO.press<\/strong> to non-profit zajmuj\u0105cy si\u0119 dziennikarstwem \u015bledczym i weryfikacj\u0105 fakt\u00f3w, stworzony w celu obrony wolno\u015bci s\u0142owa i zapewnienia bezpiecze\u0144stwa dost\u0119pu do informacji w Polsce.<\/p>\n\n<p class=\"has-medium-font-size\"><strong>Instytut Spraw Publicznych (ISP)<\/strong> jest czo\u0142owym polskim think tankiem i niezale\u017cnym o\u015brodkiem bada\u0144 i analiz politycznych, przyczyniaj\u0105cym si\u0119 do merytorycznej debaty publicznej nad kluczowymi kwestiami dotycz\u0105cymi Polski, Europy i \u015bwiata.<\/p>\n\n<p class=\"has-medium-font-size\">Witamy na pok\u0142adzie OKO.press i IPI! <\/p>\n\n<p class=\"has-medium-font-size\"><\/p>\n","protected":false},"excerpt":{"rendered":"<p>Utworzenie Sieci Partner\u00f3w Projektu by\u0142o jednym z naszych kluczowych cel\u00f3w. Od samego pocz\u0105tku projekt zosta\u0142 zaplanowany jako wsp\u00f3\u0142praca pomi\u0119dzy Zespo\u0142em Badawczym, Rad\u0105 Doradcz\u0105 oraz Sieci\u0105 Partner\u00f3w Projektu. Za\u0142o\u017cyli\u015bmy, \u017ce nowa i praktyczna wiedza na temat wdra\u017cania zarz\u0105dzania r\u00f3\u017cnorodno\u015bci\u0105 jako czynnika innowacyjno\u015bci w dziennikarstwie b\u0119dzie najlepiej wypracowywana, udost\u0119pniana i omawiana w\u0142a\u015bnie z pomoc\u0105 Sieci Partner\u00f3w Projektu. [&hellip;]<\/p>\n","protected":false},"author":4,"featured_media":2313,"comment_status":"closed","ping_status":"closed","sticky":false,"template":"","format":"standard","meta":{"_et_pb_use_builder":"off","_et_pb_old_content":"","_et_gb_content_width":"","footnotes":""},"categories":[1,8],"tags":[],"class_list":["post-2933","post","type-post","status-publish","format-standard","has-post-thumbnail","hentry","category-partnerships","category-wspolpraca-i-partnerstwa"],"_links":{"self":[{"href":"https:\/\/managingnewsroomdiversity.com\/pl\/wp-json\/wp\/v2\/posts\/2933"}],"collection":[{"href":"https:\/\/managingnewsroomdiversity.com\/pl\/wp-json\/wp\/v2\/posts"}],"about":[{"href":"https:\/\/managingnewsroomdiversity.com\/pl\/wp-json\/wp\/v2\/types\/post"}],"author":[{"embeddable":true,"href":"https:\/\/managingnewsroomdiversity.com\/pl\/wp-json\/wp\/v2\/users\/4"}],"replies":[{"embeddable":true,"href":"https:\/\/managingnewsroomdiversity.com\/pl\/wp-json\/wp\/v2\/comments?post=2933"}],"version-history":[{"count":1,"href":"https:\/\/managingnewsroomdiversity.com\/pl\/wp-json\/wp\/v2\/posts\/2933\/revisions"}],"predecessor-version":[{"id":2934,"href":"https:\/\/managingnewsroomdiversity.com\/pl\/wp-json\/wp\/v2\/posts\/2933\/revisions\/2934"}],"wp:featuredmedia":[{"embeddable":true,"href":"https:\/\/managingnewsroomdiversity.com\/pl\/wp-json\/wp\/v2\/media\/2313"}],"wp:attachment":[{"href":"https:\/\/managingnewsroomdiversity.com\/pl\/wp-json\/wp\/v2\/media?parent=2933"}],"wp:term":[{"taxonomy":"category","embeddable":true,"href":"https:\/\/managingnewsroomdiversity.com\/pl\/wp-json\/wp\/v2\/categories?post=2933"},{"taxonomy":"post_tag","embeddable":true,"href":"https:\/\/managingnewsroomdiversity.com\/pl\/wp-json\/wp\/v2\/tags?post=2933"}],"curies":[{"name":"wp","href":"https:\/\/api.w.org\/{rel}","templated":true}]}}