{"id":2927,"date":"2022-09-25T17:19:00","date_gmt":"2022-09-25T15:19:00","guid":{"rendered":"https:\/\/managingnewsroomdiversity.com\/2022\/09\/25\/rozpowszechnianie-wynikow-projektu-w-gdansku-6-kongres-polskiego-towarzystwa-komunikacji-spolecznej-ptks\/"},"modified":"2024-06-01T21:34:14","modified_gmt":"2024-06-01T19:34:14","slug":"rozpowszechnianie-wynikow-projektu-w-gdansku-6-kongres-polskiego-towarzystwa-komunikacji-spolecznej-ptks","status":"publish","type":"post","link":"https:\/\/managingnewsroomdiversity.com\/pl\/2022\/09\/25\/rozpowszechnianie-wynikow-projektu-w-gdansku-6-kongres-polskiego-towarzystwa-komunikacji-spolecznej-ptks\/","title":{"rendered":"Rozpowszechnianie wynik\u00f3w projektu w Gda\u0144sku: 6. Kongres Polskiego Towarzystwa Komunikacji Spo\u0142ecznej (PTKS)."},"content":{"rendered":"\n<p class=\"has-medium-font-size\">Greta Gober prezentowa\u0142a wst\u0119pne wyniki projektu podczas 6. Kongresu Polskiego Towarzystwa Komunikacji Spo\u0142ecznej w Gda\u0144sku. <\/p>\n\n<p class=\"has-medium-font-size\">W 6. Kongresie Polskiego Towarzystwa Komunikacji Spo\u0142ecznej wzi\u0119\u0142o udzia\u0142 250 prelegent\u00f3w z Polski i zagranicy, zorganizowano 54 sesje tematyczne o charakterze naukowym oraz 2 sesje plenarne z wybitnymi go\u015b\u0107mi \u2013 profesorami Grahamem Murdockiem i G\u00f6ranem Bolinem. Podczas debat omawiano przysz\u0142o\u015b\u0107 dyscypliny komunikacji spo\u0142ecznej i medi\u00f3w oraz prowadzono badania nad demokracj\u0105 i wolno\u015bci\u0105 medi\u00f3w.<\/p>\n\n<figure class=\"wp-block-image size-large\"><img loading=\"lazy\" decoding=\"async\" width=\"1024\" height=\"683\" src=\"https:\/\/managingnewsroomdiversity.com\/wp-content\/uploads\/2022\/12\/13_kongres_otwarcie_goscie_1-1024x683.jpg\" alt=\"\" class=\"wp-image-2162\" srcset=\"https:\/\/managingnewsroomdiversity.com\/wp-content\/uploads\/2022\/12\/13_kongres_otwarcie_goscie_1-980x653.jpg 980w, https:\/\/managingnewsroomdiversity.com\/wp-content\/uploads\/2022\/12\/13_kongres_otwarcie_goscie_1-480x320.jpg 480w\" sizes=\"(min-width: 0px) and (max-width: 480px) 480px, (min-width: 481px) and (max-width: 980px) 980px, (min-width: 981px) 1024px, 100vw\" \/><figcaption class=\"wp-element-caption\">Otwarcie 6. Kongresu Polskiego Towarzystwa Komunikacji Spo\u0142ecznej mia\u0142o miejsce w Europejskim Centrum Solidarno\u015bci w Gda\u0144sku. <\/figcaption><\/figure>\n\n<p class=\"has-medium-font-size\">Kongres odby\u0142 si\u0119 w Gda\u0144sku w dniach 22-24 wrze\u015bnia 2022 roku, a mottem tegorocznego spotkania by\u0142o &#8222;Media i spo\u0142ecze\u0144stwo w erze platform, algorytm\u00f3w i danych&#8221;. Wsp\u00f3\u0142organizatorami Kongresu by\u0142y: Instytut Medi\u00f3w, Dziennikarstwa i Komunikacji Spo\u0142ecznej Uniwersytetu Gda\u0144skiego oraz Europejskie Centrum Solidarno\u015bci. <\/p>\n\n<p class=\"has-medium-font-size\">Wyniki z projektu badawczego &#8222;Zarz\u0105dzanie r\u00f3\u017cnorodno\u015bci\u0105 jako innowacja w dziennikarstwie&#8221;, finansowanego z Funduszy Norweskich, zosta\u0142y przedstawione podczas sesji tematycznej &#8222;Stan medi\u00f3w publicznych&#8221;, zorganizowanej 24 wrze\u015bnia 2022 roku i prowadzonej przez prof. Olg\u0119 D\u0105browsk\u0105-Cendrowsk\u0105 z Uniwersytetu Jana Kochanowskiego w Kielcach. Prezentacja Grety Gober zatytu\u0142owana &#8222;Polifonia i Zarz\u0105dzanie R\u00f3\u017cnorodno\u015bci\u0105: Paradoksy na przyk\u0142adzie medi\u00f3w publicznych w Wielkiej Brytanii i Szwecji&#8221; rozwija\u0142a koncepcj\u0119 r\u00f3\u017cnorodno\u015bci jako polifonii w zarz\u0105dzaniu r\u00f3\u017cnorodno\u015bci\u0105 w dziennikarstwie (Trittin-Ulbrich &amp; Schoeneborn 2017). Prezentacja zawiera\u0142a wst\u0119pne wyniki pog\u0142\u0119bionych wywiad\u00f3w z przedstawicielami kadry i dziennikarzami ze szwedzkich i brytyjskich medi\u00f3w publicznych (SVT, SR, Channel 4, BBC). Korzystaj\u0105c z teorii i koncepcji polifonii, Gober analizowa\u0142a w jakim stopniu media publiczne w Wielkiej Brytanii i Szwecji reaguj\u0105 na zmiany spo\u0142eczno-kulturowe i technologiczne, jak r\u00f3wnie\u017c na zwi\u0105zane z nimi bariery organizacyjne, poprzez przesuni\u0119cie w kierunku r\u00f3\u017cnorodno\u015bci (i zarz\u0105dzania r\u00f3\u017cnorodno\u015bci\u0105). <\/p>\n\n<p class=\"has-medium-font-size\">Podczas Kongresu zosta\u0142o r\u00f3wnie\u017c zorganizowane spotkanie zespo\u0142u badawczego projektu &#8222;Zarz\u0105dzanie r\u00f3\u017cnorodno\u015bci\u0105 jako innowacja w dziennikarstwie&#8221;. <\/p>\n\n<p class=\"has-medium-font-size\">Bibliografia:<\/p>\n\n<p class=\"has-medium-font-size\">Trittin, H., &amp; Schoeneborn, D. (2017). Diversity as Polyphony: Reconceptualizing Diversity Management from a Communication-Centered Perspective. Journal of Business Ethics, 144(2): 305\u2013322.<\/p>\n\n<p class=\"has-medium-font-size\">Aby zobaczy\u0107 pe\u0142ny program Kongresu, kliknij w ten <a href=\"https:\/\/kongres.ptks.pl\/images\/program\/1809-program_kongres_internet.pdf\" target=\"_blank\" rel=\"noreferrer noopener\">link.<\/a> <\/p>\n\n<hr class=\"wp-block-separator has-css-opacity\"\/>\n\n<div class=\"wp-block-group is-layout-flow wp-block-group-is-layout-flow\">\n<div class=\"wp-block-columns are-vertically-aligned-bottom is-layout-flex wp-container-core-columns-is-layout-1 wp-block-columns-is-layout-flex\">\n<div class=\"wp-block-column is-vertically-aligned-bottom is-layout-flow wp-block-column-is-layout-flow\" style=\"flex-basis:100%\"><\/div>\n<\/div>\n\n\n\n<figure class=\"wp-block-gallery has-nested-images columns-default is-cropped wp-block-gallery-1 is-layout-flex wp-block-gallery-is-layout-flex\">\n<figure class=\"wp-block-image size-large\"><img loading=\"lazy\" decoding=\"async\" width=\"1024\" height=\"768\" src=\"https:\/\/managingnewsroomdiversity.com\/wp-content\/uploads\/2022\/12\/IMG_4061-1-1024x768.jpg\" alt=\"\" class=\"wp-image-2165\" srcset=\"https:\/\/managingnewsroomdiversity.com\/wp-content\/uploads\/2022\/12\/IMG_4061-1-980x735.jpg 980w, https:\/\/managingnewsroomdiversity.com\/wp-content\/uploads\/2022\/12\/IMG_4061-1-480x360.jpg 480w\" sizes=\"(min-width: 0px) and (max-width: 480px) 480px, (min-width: 481px) and (max-width: 980px) 980px, (min-width: 981px) 1024px, 100vw\" \/><figcaption class=\"wp-element-caption\">prof. Micha\u0142 G\u0142owacki<\/figcaption><\/figure>\n\n\n\n<figure class=\"wp-block-image size-large\"><img loading=\"lazy\" decoding=\"async\" width=\"1024\" height=\"768\" src=\"https:\/\/managingnewsroomdiversity.com\/wp-content\/uploads\/2022\/12\/IMG_4081-1024x768.jpg\" alt=\"\" class=\"wp-image-2166\" srcset=\"https:\/\/managingnewsroomdiversity.com\/wp-content\/uploads\/2022\/12\/IMG_4081-980x735.jpg 980w, https:\/\/managingnewsroomdiversity.com\/wp-content\/uploads\/2022\/12\/IMG_4081-480x360.jpg 480w\" sizes=\"(min-width: 0px) and (max-width: 480px) 480px, (min-width: 481px) and (max-width: 980px) 980px, (min-width: 981px) 1024px, 100vw\" \/><\/figure>\n\n\n\n<figure class=\"wp-block-image size-large\"><img loading=\"lazy\" decoding=\"async\" width=\"768\" height=\"1024\" src=\"https:\/\/managingnewsroomdiversity.com\/wp-content\/uploads\/2022\/12\/IMG_4104-768x1024.jpg\" alt=\"\" class=\"wp-image-2167\"\/><figcaption class=\"wp-element-caption\">dr Greta Gober i prof. Anna Jupowicz-Ginalska <\/figcaption><\/figure>\n\n\n\n<figure class=\"wp-block-image size-large\"><img loading=\"lazy\" decoding=\"async\" width=\"768\" height=\"1024\" src=\"https:\/\/managingnewsroomdiversity.com\/wp-content\/uploads\/2022\/12\/IMG_4133-768x1024.jpg\" alt=\"\" class=\"wp-image-2168\"\/><figcaption class=\"wp-element-caption\">prof. Maria \u0141oszewska-O\u0142owska, prof. Olga D\u0105browska-Cendrowska, prof. Katarzyna Gajlewicz-Korab, dr Greta Gober<\/figcaption><\/figure>\n<\/figure>\n<\/div>\n","protected":false},"excerpt":{"rendered":"<p>Greta Gober prezentowa\u0142a wst\u0119pne wyniki projektu podczas 6. Kongresu Polskiego Towarzystwa Komunikacji Spo\u0142ecznej w Gda\u0144sku. W 6. Kongresie Polskiego Towarzystwa Komunikacji Spo\u0142ecznej wzi\u0119\u0142o udzia\u0142 250 prelegent\u00f3w z Polski i zagranicy, zorganizowano 54 sesje tematyczne o charakterze naukowym oraz 2 sesje plenarne z wybitnymi go\u015b\u0107mi \u2013 profesorami Grahamem Murdockiem i G\u00f6ranem Bolinem. Podczas debat omawiano przysz\u0142o\u015b\u0107 [&hellip;]<\/p>\n","protected":false},"author":4,"featured_media":2423,"comment_status":"closed","ping_status":"closed","sticky":false,"template":"","format":"standard","meta":{"_et_pb_use_builder":"off","_et_pb_old_content":"","_et_gb_content_width":"","footnotes":""},"categories":[27],"tags":[],"class_list":["post-2927","post","type-post","status-publish","format-standard","has-post-thumbnail","hentry","category-dyskusje-naukowe"],"_links":{"self":[{"href":"https:\/\/managingnewsroomdiversity.com\/pl\/wp-json\/wp\/v2\/posts\/2927"}],"collection":[{"href":"https:\/\/managingnewsroomdiversity.com\/pl\/wp-json\/wp\/v2\/posts"}],"about":[{"href":"https:\/\/managingnewsroomdiversity.com\/pl\/wp-json\/wp\/v2\/types\/post"}],"author":[{"embeddable":true,"href":"https:\/\/managingnewsroomdiversity.com\/pl\/wp-json\/wp\/v2\/users\/4"}],"replies":[{"embeddable":true,"href":"https:\/\/managingnewsroomdiversity.com\/pl\/wp-json\/wp\/v2\/comments?post=2927"}],"version-history":[{"count":1,"href":"https:\/\/managingnewsroomdiversity.com\/pl\/wp-json\/wp\/v2\/posts\/2927\/revisions"}],"predecessor-version":[{"id":2928,"href":"https:\/\/managingnewsroomdiversity.com\/pl\/wp-json\/wp\/v2\/posts\/2927\/revisions\/2928"}],"wp:featuredmedia":[{"embeddable":true,"href":"https:\/\/managingnewsroomdiversity.com\/pl\/wp-json\/wp\/v2\/media\/2423"}],"wp:attachment":[{"href":"https:\/\/managingnewsroomdiversity.com\/pl\/wp-json\/wp\/v2\/media?parent=2927"}],"wp:term":[{"taxonomy":"category","embeddable":true,"href":"https:\/\/managingnewsroomdiversity.com\/pl\/wp-json\/wp\/v2\/categories?post=2927"},{"taxonomy":"post_tag","embeddable":true,"href":"https:\/\/managingnewsroomdiversity.com\/pl\/wp-json\/wp\/v2\/tags?post=2927"}],"curies":[{"name":"wp","href":"https:\/\/api.w.org\/{rel}","templated":true}]}}