{"id":2920,"date":"2022-10-23T17:19:00","date_gmt":"2022-10-23T15:19:00","guid":{"rendered":"https:\/\/managingnewsroomdiversity.com\/2022\/10\/23\/greta-gober-o-mozliwosciach-i-wyzwaniach-zarzadzania-roznorodnoscia-w-redakcji-podczas-konferencji-ecrea-2022-w-aarhus\/"},"modified":"2024-06-01T20:03:43","modified_gmt":"2024-06-01T18:03:43","slug":"greta-gober-o-mozliwosciach-i-wyzwaniach-zarzadzania-roznorodnoscia-w-redakcji-podczas-konferencji-ecrea-2022-w-aarhus","status":"publish","type":"post","link":"https:\/\/managingnewsroomdiversity.com\/pl\/2022\/10\/23\/greta-gober-o-mozliwosciach-i-wyzwaniach-zarzadzania-roznorodnoscia-w-redakcji-podczas-konferencji-ecrea-2022-w-aarhus\/","title":{"rendered":"Greta Gober o mo\u017cliwo\u015bciach i wyzwaniach zarz\u0105dzania r\u00f3\u017cnorodno\u015bci\u0105 w redakcji podczas konferencji ECREA 2022 w Aarhus."},"content":{"rendered":"\n<p class=\"has-medium-font-size\">Podczas Konferencji ECREA 2022 &#8211; 9. Europejskiej Konferencji Komunikacyjnej w Aarhus, od 19 do 22 pa\u017adziernika 2022 roku, Greta Gober, kieruj\u0105ca mi\u0119dzynarodowym projektem badawczym \u201eZarz\u0105dzanie R\u00f3\u017cnorodno\u015bci\u0105 jako Innowacja w Dziennikarstwie\u201d, prezentowa\u0142a wst\u0119pne wyniki projektu. W trakcie nagranego na \u017cywo podcastu z Valentyn\u0105 Shapovalov\u0105 Gober rozmawia\u0142a o mo\u017cliwo\u015bciach i wyzwaniach stoj\u0105cych przed redakcjami zainteresowanymi zarz\u0105dzaniem interseksjonaln\u0105 r\u00f3\u017cnorodno\u015bci\u0105 \u2013 a tak\u017ce wsp\u00f3lnie zastanawia\u0142y si\u0119, co oznacza badanie tego zagadnienia w spos\u00f3b feministyczny. Podcast zosta\u0142 nagrany we wsp\u00f3\u0142pracy z Muzeum P\u0142ci w Aarhus, w Danii, jako cz\u0119\u015b\u0107 Trasy Wp\u0142ywu Konferencji ECREA 2022.<\/p>\n\n<p class=\"has-medium-font-size\">Podcast jest prowadzony przez sekcj\u0119 Gender, Sexuality and Communication Europejskiego Stowarzyszenia Bada\u0144 i Edukacji Komunikacyjnej (ECREA). Aby pos\u0142ucha\u0107 rozmowy, kliknij w ten <a href=\"https:\/\/open.spotify.com\/episode\/7kTuhDwnGJD1yo3A2dFcHM?si=DI_SNvBFQPadECEQBupGVA\" target=\"_blank\" rel=\"noreferrer noopener\">link.<\/a> <\/p>\n\n<hr class=\"wp-block-separator has-css-opacity\"\/>\n\n<div class=\"wp-block-group is-layout-flow wp-block-group-is-layout-flow\">\n<div class=\"wp-block-columns are-vertically-aligned-bottom is-layout-flex wp-container-core-columns-is-layout-1 wp-block-columns-is-layout-flex\">\n<div class=\"wp-block-column is-vertically-aligned-bottom is-layout-flow wp-block-column-is-layout-flow\" style=\"flex-basis:100%\"><\/div>\n<\/div>\n\n\n\n<figure class=\"wp-block-gallery has-nested-images columns-default is-cropped wp-block-gallery-1 is-layout-flex wp-block-gallery-is-layout-flex\">\n<figure class=\"wp-block-image size-large\"><img loading=\"lazy\" decoding=\"async\" width=\"819\" height=\"1024\" src=\"https:\/\/managingnewsroomdiversity.com\/wp-content\/uploads\/2022\/12\/aarhus-819x1024.jpg\" alt=\"\" class=\"wp-image-2150\"\/><\/figure>\n\n\n\n<figure class=\"wp-block-image size-large\"><img loading=\"lazy\" decoding=\"async\" width=\"1024\" height=\"768\" src=\"https:\/\/managingnewsroomdiversity.com\/wp-content\/uploads\/2022\/12\/IMG_4796-1024x768.jpg\" alt=\"\" class=\"wp-image-2154\" srcset=\"https:\/\/managingnewsroomdiversity.com\/wp-content\/uploads\/2022\/12\/IMG_4796-980x735.jpg 980w, https:\/\/managingnewsroomdiversity.com\/wp-content\/uploads\/2022\/12\/IMG_4796-480x360.jpg 480w\" sizes=\"(min-width: 0px) and (max-width: 480px) 480px, (min-width: 481px) and (max-width: 980px) 980px, (min-width: 981px) 1024px, 100vw\" \/><\/figure>\n\n\n\n<figure class=\"wp-block-image size-large\"><img loading=\"lazy\" decoding=\"async\" width=\"1024\" height=\"768\" src=\"https:\/\/managingnewsroomdiversity.com\/wp-content\/uploads\/2022\/12\/IMG_4800-1024x768.jpg\" alt=\"\" class=\"wp-image-2152\" srcset=\"https:\/\/managingnewsroomdiversity.com\/wp-content\/uploads\/2022\/12\/IMG_4800-980x735.jpg 980w, https:\/\/managingnewsroomdiversity.com\/wp-content\/uploads\/2022\/12\/IMG_4800-480x360.jpg 480w\" sizes=\"(min-width: 0px) and (max-width: 480px) 480px, (min-width: 481px) and (max-width: 980px) 980px, (min-width: 981px) 1024px, 100vw\" \/><\/figure>\n\n\n\n<figure class=\"wp-block-image size-large\"><img loading=\"lazy\" decoding=\"async\" width=\"768\" height=\"1024\" src=\"https:\/\/managingnewsroomdiversity.com\/wp-content\/uploads\/2022\/12\/IMG_4852-768x1024.jpg\" alt=\"\" class=\"wp-image-2155\"\/><\/figure>\n\n\n\n<figure class=\"wp-block-image size-large\"><img loading=\"lazy\" decoding=\"async\" width=\"768\" height=\"1024\" src=\"https:\/\/managingnewsroomdiversity.com\/wp-content\/uploads\/2022\/12\/IMG_4891-768x1024.jpg\" alt=\"\" class=\"wp-image-2151\"\/><\/figure>\n<\/figure>\n<\/div>\n","protected":false},"excerpt":{"rendered":"<p>Podczas Konferencji ECREA 2022 &#8211; 9. Europejskiej Konferencji Komunikacyjnej w Aarhus, od 19 do 22 pa\u017adziernika 2022 roku, Greta Gober, kieruj\u0105ca mi\u0119dzynarodowym projektem badawczym \u201eZarz\u0105dzanie R\u00f3\u017cnorodno\u015bci\u0105 jako Innowacja w Dziennikarstwie\u201d, prezentowa\u0142a wst\u0119pne wyniki projektu. W trakcie nagranego na \u017cywo podcastu z Valentyn\u0105 Shapovalov\u0105 Gober rozmawia\u0142a o mo\u017cliwo\u015bciach i wyzwaniach stoj\u0105cych przed redakcjami zainteresowanymi zarz\u0105dzaniem interseksjonaln\u0105 [&hellip;]<\/p>\n","protected":false},"author":4,"featured_media":2412,"comment_status":"closed","ping_status":"closed","sticky":false,"template":"","format":"standard","meta":{"_et_pb_use_builder":"off","_et_pb_old_content":"","_et_gb_content_width":"","footnotes":""},"categories":[27,30],"tags":[],"class_list":["post-2920","post","type-post","status-publish","format-standard","has-post-thumbnail","hentry","category-dyskusje-naukowe","category-spoleczna-rola-projektu"],"_links":{"self":[{"href":"https:\/\/managingnewsroomdiversity.com\/pl\/wp-json\/wp\/v2\/posts\/2920"}],"collection":[{"href":"https:\/\/managingnewsroomdiversity.com\/pl\/wp-json\/wp\/v2\/posts"}],"about":[{"href":"https:\/\/managingnewsroomdiversity.com\/pl\/wp-json\/wp\/v2\/types\/post"}],"author":[{"embeddable":true,"href":"https:\/\/managingnewsroomdiversity.com\/pl\/wp-json\/wp\/v2\/users\/4"}],"replies":[{"embeddable":true,"href":"https:\/\/managingnewsroomdiversity.com\/pl\/wp-json\/wp\/v2\/comments?post=2920"}],"version-history":[{"count":1,"href":"https:\/\/managingnewsroomdiversity.com\/pl\/wp-json\/wp\/v2\/posts\/2920\/revisions"}],"predecessor-version":[{"id":2921,"href":"https:\/\/managingnewsroomdiversity.com\/pl\/wp-json\/wp\/v2\/posts\/2920\/revisions\/2921"}],"wp:featuredmedia":[{"embeddable":true,"href":"https:\/\/managingnewsroomdiversity.com\/pl\/wp-json\/wp\/v2\/media\/2412"}],"wp:attachment":[{"href":"https:\/\/managingnewsroomdiversity.com\/pl\/wp-json\/wp\/v2\/media?parent=2920"}],"wp:term":[{"taxonomy":"category","embeddable":true,"href":"https:\/\/managingnewsroomdiversity.com\/pl\/wp-json\/wp\/v2\/categories?post=2920"},{"taxonomy":"post_tag","embeddable":true,"href":"https:\/\/managingnewsroomdiversity.com\/pl\/wp-json\/wp\/v2\/tags?post=2920"}],"curies":[{"name":"wp","href":"https:\/\/api.w.org\/{rel}","templated":true}]}}