{"id":2866,"date":"2024-02-28T17:27:05","date_gmt":"2024-02-28T16:27:05","guid":{"rendered":"https:\/\/managingnewsroomdiversity.com\/2024\/02\/28\/zarezerwuj-dzien-11-kwietnia-2024-r-greta-gober-wezmie-udzial-w-panelu-dyskusyjnym-jakosc-dziennikarstwa-w-zroznicowanych-redakcjach-na-konferencji-fulbrighta-etyczne-inteligentne\/"},"modified":"2024-12-15T12:50:16","modified_gmt":"2024-12-15T11:50:16","slug":"zarezerwuj-dzien-11-kwietnia-2024-r-greta-gober-wezmie-udzial-w-panelu-dyskusyjnym-jakosc-dziennikarstwa-w-zroznicowanych-redakcjach-na-konferencji-fulbrighta-etyczne-inteligentne","status":"publish","type":"post","link":"https:\/\/managingnewsroomdiversity.com\/pl\/2024\/02\/28\/zarezerwuj-dzien-11-kwietnia-2024-r-greta-gober-wezmie-udzial-w-panelu-dyskusyjnym-jakosc-dziennikarstwa-w-zroznicowanych-redakcjach-na-konferencji-fulbrighta-etyczne-inteligentne\/","title":{"rendered":"Zarezerwuj dzie\u0144: 11 kwietnia 2024 r.!"},"content":{"rendered":"\n<p class=\"has-medium-font-size\"><strong>Zarezerwuj dzie\u0144: 11 kwietnia 2024 r.! Greta Gober we\u017amie udzia\u0142 w panelu dyskusyjnym \u2013 &#8222;Jako\u015b\u0107 dziennikarstwa w zr\u00f3\u017cnicowanych redakcjach&#8221; na konferencji Fulbrighta &#8222;Etyczne, inteligentne i bezpieczne: Nawiguj\u0105c po cyfrowym \u015bwiecie jutra&#8221; w Warszawie.<\/strong>.<\/p>\n\n<p class=\"has-medium-font-size\">Konferencja jest organizowana przez Program Fulbrighta w Polsce. Program obchodzi swoje 65. urodziny poprzez organizacj\u0119 dwudniowej konferencji, zaplanowanej na <strong>11-12 kwietnia 2024 roku.<\/strong><\/p>\n\n<p class=\"has-medium-font-size\">Greta Gober we\u017amie udzia\u0142 w <a href=\"https:\/\/fulbright.edu.pl\/65th\/conference\/#\" target=\"_blank\" rel=\"noreferrer noopener\">Sesji I: Panel dyskusyjny \u2013 &#8222;Jako\u015b\u0107 dziennikarstwa w zr\u00f3\u017cnicowanych redakcjach&#8221;.<\/a> Wraz z innymi panelistkami i panelistami i opieraj\u0105c si\u0119 na wynikach projektu \u201eZarz\u0105dzanie r\u00f3\u017cnorodno\u015bci\u0105 w redakcji\u201d, Greta om\u00f3wi, czym dzi\u015b jest reprezentacja w mediach, szczeg\u00f3lnie w Polsce, Szwecji i Wielkiej Brytanii, oraz jakie s\u0105 bariery w budowaniu r\u00f3\u017cnorodno\u015bci w mediach. <\/p>\n\n<p class=\"has-medium-font-size\">Panel dyskusyjny zgromadzi: <\/p>\n\n<ul class=\"wp-block-list\">\n<li class=\"has-medium-font-size\">Joanna Stempie\u0144, do\u015bwiadczona redaktorka programu informacyjnego w TVN24 BIS, przewodnicz\u0105ca panelu. <\/li>\n\n\n\n<li class=\"has-medium-font-size\">Greta Gober, badaczka i kierowniczka projektu &#8222;Zarz\u0105dzanie r\u00f3\u017cnorodno\u015bci\u0105 jako innowacja w dziennikarstwie&#8221;, finansowanego z Funduszy Norweskich. <\/li>\n\n\n\n<li class=\"has-medium-font-size\">Margaret Amaka Ohia-Nowak, konsultantka i trenerka ds. r\u00f3\u017cnorodno\u015bci, r\u00f3wno\u015bci i inkluzywno\u015bci z 15-letnim do\u015bwiadczeniem oraz aktywistka na rzecz sprawiedliwo\u015bci rasowej.<\/li>\n\n\n\n<li class=\"has-medium-font-size\">Graham Griffith, strateg medi\u00f3w i dziennikarz z USA, obecnie pracuj\u0105cy w Centrum Bada\u0144 nad Demokracj\u0105 w Bu\u0142garii.<\/li>\n<\/ul>\n\n<p class=\"has-medium-font-size\">Panel jest zaplanowany na pierwszy dzie\u0144 konferencji <strong>(czwartek, 11 kwietnia, w godzinach od 11:50 do 13:00).<\/strong> Miejsce konferencji to Centralny Dom Technologii przy ulicy Kruczej 50 (centrum Warszawy).<\/p>\n\n<p class=\"has-medium-font-size\">Rejestracja jest ju\u017c <a href=\"https:\/\/docs.google.com\/forms\/d\/e\/1FAIpQLSe3yd0KcXN1c-MJi_spnkwUAO6recKYmY6v3jI_MOz96Yk1kg\/viewform\" data-type=\"link\" data-id=\"https:\/\/docs.google.com\/forms\/d\/e\/1FAIpQLSe3yd0KcXN1c-MJi_spnkwUAO6recKYmY6v3jI_MOz96Yk1kg\/viewform\" target=\"_blank\" rel=\"noreferrer noopener\">otwarta!<\/a><\/p>\n\n<p class=\"has-medium-font-size\"><\/p>\n\n<figure class=\"wp-block-image size-large\"><img loading=\"lazy\" decoding=\"async\" width=\"1024\" height=\"483\" src=\"https:\/\/managingnewsroomdiversity.com\/wp-content\/uploads\/2024\/02\/image-6-1024x483.png\" alt=\"\" class=\"wp-image-2836\" srcset=\"https:\/\/managingnewsroomdiversity.com\/wp-content\/uploads\/2024\/02\/image-6-980x462.png 980w, https:\/\/managingnewsroomdiversity.com\/wp-content\/uploads\/2024\/02\/image-6-480x226.png 480w\" sizes=\"(min-width: 0px) and (max-width: 480px) 480px, (min-width: 481px) and (max-width: 980px) 980px, (min-width: 981px) 1024px, 100vw\" \/><\/figure>\n","protected":false},"excerpt":{"rendered":"<p>Zarezerwuj dzie\u0144: 11 kwietnia 2024 r.! Greta Gober we\u017amie udzia\u0142 w panelu dyskusyjnym \u2013 &#8222;Jako\u015b\u0107 dziennikarstwa w zr\u00f3\u017cnicowanych redakcjach&#8221; na konferencji Fulbrighta &#8222;Etyczne, inteligentne i bezpieczne: Nawiguj\u0105c po cyfrowym \u015bwiecie jutra&#8221; w Warszawie.. Konferencja jest organizowana przez Program Fulbrighta w Polsce. Program obchodzi swoje 65. urodziny poprzez organizacj\u0119 dwudniowej konferencji, zaplanowanej na 11-12 kwietnia 2024 [&hellip;]<\/p>\n","protected":false},"author":4,"featured_media":2982,"comment_status":"closed","ping_status":"closed","sticky":false,"template":"","format":"standard","meta":{"_et_pb_use_builder":"off","_et_pb_old_content":"","_et_gb_content_width":"","footnotes":""},"categories":[1,30],"tags":[],"class_list":["post-2866","post","type-post","status-publish","format-standard","has-post-thumbnail","hentry","category-partnerships","category-spoleczna-rola-projektu"],"_links":{"self":[{"href":"https:\/\/managingnewsroomdiversity.com\/pl\/wp-json\/wp\/v2\/posts\/2866"}],"collection":[{"href":"https:\/\/managingnewsroomdiversity.com\/pl\/wp-json\/wp\/v2\/posts"}],"about":[{"href":"https:\/\/managingnewsroomdiversity.com\/pl\/wp-json\/wp\/v2\/types\/post"}],"author":[{"embeddable":true,"href":"https:\/\/managingnewsroomdiversity.com\/pl\/wp-json\/wp\/v2\/users\/4"}],"replies":[{"embeddable":true,"href":"https:\/\/managingnewsroomdiversity.com\/pl\/wp-json\/wp\/v2\/comments?post=2866"}],"version-history":[{"count":5,"href":"https:\/\/managingnewsroomdiversity.com\/pl\/wp-json\/wp\/v2\/posts\/2866\/revisions"}],"predecessor-version":[{"id":2985,"href":"https:\/\/managingnewsroomdiversity.com\/pl\/wp-json\/wp\/v2\/posts\/2866\/revisions\/2985"}],"wp:featuredmedia":[{"embeddable":true,"href":"https:\/\/managingnewsroomdiversity.com\/pl\/wp-json\/wp\/v2\/media\/2982"}],"wp:attachment":[{"href":"https:\/\/managingnewsroomdiversity.com\/pl\/wp-json\/wp\/v2\/media?parent=2866"}],"wp:term":[{"taxonomy":"category","embeddable":true,"href":"https:\/\/managingnewsroomdiversity.com\/pl\/wp-json\/wp\/v2\/categories?post=2866"},{"taxonomy":"post_tag","embeddable":true,"href":"https:\/\/managingnewsroomdiversity.com\/pl\/wp-json\/wp\/v2\/tags?post=2866"}],"curies":[{"name":"wp","href":"https:\/\/api.w.org\/{rel}","templated":true}]}}