{"id":2864,"date":"2024-02-26T17:27:05","date_gmt":"2024-02-26T16:27:05","guid":{"rendered":"https:\/\/managingnewsroomdiversity.com\/2024\/02\/26\/zarezerwuje-dzien-26-marca-2024-r-jednosc-w-roznorodnosci-kultywowanie-inkluzywnej-doskonalosci-konferencja-w-miedzynarodowej-szkole-biznesu-w-jonkoping-w-szwecji\/"},"modified":"2025-02-17T08:25:47","modified_gmt":"2025-02-17T07:25:47","slug":"zarezerwuje-dzien-26-marca-2024-r-jednosc-w-roznorodnosci-kultywowanie-inkluzywnej-doskonalosci-konferencja-w-miedzynarodowej-szkole-biznesu-w-jonkoping-w-szwecji","status":"publish","type":"post","link":"https:\/\/managingnewsroomdiversity.com\/pl\/2024\/02\/26\/zarezerwuje-dzien-26-marca-2024-r-jednosc-w-roznorodnosci-kultywowanie-inkluzywnej-doskonalosci-konferencja-w-miedzynarodowej-szkole-biznesu-w-jonkoping-w-szwecji\/","title":{"rendered":"Zarezerwuje dzie\u0144: 26 marca 2024 r.! &#8222;Jedno\u015b\u0107 w R\u00f3\u017cnorodno\u015bci! Kultywowanie inkluzywnej doskona\u0142o\u015bci&#8221; konferencja w Mi\u0119dzynarodowej Szkole Biznesu w J\u00f6nk\u00f6ping w Szwecji."},"content":{"rendered":"\n<p class=\"has-medium-font-size\">Greta Gober oraz Anna Jupowicz-Ginalska przedstawi\u0105 wyniki projektu na konferencji &#8222;Jedno\u015b\u0107 w R\u00f3\u017cnorodno\u015bci! Kultywowanie inkluzywnej doskona\u0142o\u015bci&#8221;, zorganizowanej przez <strong>Centrum Medi\u00f3w, Zarz\u0105dzania i Transformacji Mi\u0119dzynarodowej Szko\u0142y Biznesu w J\u00f6nk\u00f6ping,<\/strong> kt\u00f3ra odb\u0119dzie si\u0119 <strong>26 marca 2024 roku.<\/strong><\/p>\n\n<p class=\"has-medium-font-size\">W dzisiejszym, wzajemnie powi\u0105zanym \u015bwiecie, d\u0105\u017cenie do r\u00f3\u017cnorodno\u015bci, r\u00f3wno\u015bci i inkluzywno\u015bci na wszystkich szczeblach gospodarki jest zar\u00f3wno kluczowe, jak i wymagaj\u0105ce. Konferencja gromadzi badaczy, praktyk\u00f3w i ekspert\u00f3w, a przem\u00f3wienie wyg\u0142osi szwedzka minister ds. r\u00f3wnouprawnienia p\u0142ci i \u017cycia zawodowego Paulina Brandberg. Celem konferencji jest pog\u0142\u0119bienie naszego zrozumienia r\u00f3\u017cnorodno\u015bci i w\u0142\u0105czenia spo\u0142ecznego na poziomie krajowym i indywidualnym. Do\u0142\u0105cz do nas na dzie\u0144 pe\u0142en inspiruj\u0105cych rozm\u00f3w, kt\u00f3re mog\u0105 pom\u00f3c zapocz\u0105tkowa\u0107 dyskusje sprzyjaj\u0105ce rozwojowi inkluzywnej doskona\u0142o\u015bci.<\/p>\n\n<p class=\"has-medium-font-size\">Pe\u0142ny program konferencji znajduje si\u0119 <a href=\"https:\/\/ju.se\/download\/18.374be47c18dbb1286d93f7a4\/1709127191354\/JIBS_MMTC_UiD_Program_1920x1080_2024_0228_sista.pdf\" data-type=\"link\" data-id=\"https:\/\/ju.se\/download\/18.374be47c18dbb1286d93f7a4\/1709127191354\/JIBS_MMTC_UiD_Program_1920x1080_2024_0228_sista.pdf\" target=\"_blank\" rel=\"noreferrer noopener\">tutaj:<\/a><\/p>\n\n<figure class=\"wp-block-image size-large\"><img loading=\"lazy\" decoding=\"async\" width=\"1024\" height=\"551\" src=\"https:\/\/managingnewsroomdiversity.com\/wp-content\/uploads\/2024\/02\/Zrzut-ekranu-2024-02-29-o-16.07.59-1024x551.png\" alt=\"\" class=\"wp-image-2842\" srcset=\"https:\/\/managingnewsroomdiversity.com\/wp-content\/uploads\/2024\/02\/Zrzut-ekranu-2024-02-29-o-16.07.59-980x527.png 980w, https:\/\/managingnewsroomdiversity.com\/wp-content\/uploads\/2024\/02\/Zrzut-ekranu-2024-02-29-o-16.07.59-480x258.png 480w\" sizes=\"(min-width: 0px) and (max-width: 480px) 480px, (min-width: 481px) and (max-width: 980px) 980px, (min-width: 981px) 1024px, 100vw\" \/><\/figure>\n","protected":false},"excerpt":{"rendered":"<p>Greta Gober oraz Anna Jupowicz-Ginalska przedstawi\u0105 wyniki projektu na konferencji &#8222;Jedno\u015b\u0107 w R\u00f3\u017cnorodno\u015bci! Kultywowanie inkluzywnej doskona\u0142o\u015bci&#8221;, zorganizowanej przez Centrum Medi\u00f3w, Zarz\u0105dzania i Transformacji Mi\u0119dzynarodowej Szko\u0142y Biznesu w J\u00f6nk\u00f6ping, kt\u00f3ra odb\u0119dzie si\u0119 26 marca 2024 roku. W dzisiejszym, wzajemnie powi\u0105zanym \u015bwiecie, d\u0105\u017cenie do r\u00f3\u017cnorodno\u015bci, r\u00f3wno\u015bci i inkluzywno\u015bci na wszystkich szczeblach gospodarki jest zar\u00f3wno kluczowe, jak i [&hellip;]<\/p>\n","protected":false},"author":4,"featured_media":2851,"comment_status":"closed","ping_status":"closed","sticky":false,"template":"","format":"standard","meta":{"_et_pb_use_builder":"off","_et_pb_old_content":"","_et_gb_content_width":"","footnotes":""},"categories":[27,8],"tags":[],"class_list":["post-2864","post","type-post","status-publish","format-standard","has-post-thumbnail","hentry","category-dyskusje-naukowe","category-wspolpraca-i-partnerstwa"],"_links":{"self":[{"href":"https:\/\/managingnewsroomdiversity.com\/pl\/wp-json\/wp\/v2\/posts\/2864"}],"collection":[{"href":"https:\/\/managingnewsroomdiversity.com\/pl\/wp-json\/wp\/v2\/posts"}],"about":[{"href":"https:\/\/managingnewsroomdiversity.com\/pl\/wp-json\/wp\/v2\/types\/post"}],"author":[{"embeddable":true,"href":"https:\/\/managingnewsroomdiversity.com\/pl\/wp-json\/wp\/v2\/users\/4"}],"replies":[{"embeddable":true,"href":"https:\/\/managingnewsroomdiversity.com\/pl\/wp-json\/wp\/v2\/comments?post=2864"}],"version-history":[{"count":1,"href":"https:\/\/managingnewsroomdiversity.com\/pl\/wp-json\/wp\/v2\/posts\/2864\/revisions"}],"predecessor-version":[{"id":2865,"href":"https:\/\/managingnewsroomdiversity.com\/pl\/wp-json\/wp\/v2\/posts\/2864\/revisions\/2865"}],"wp:featuredmedia":[{"embeddable":true,"href":"https:\/\/managingnewsroomdiversity.com\/pl\/wp-json\/wp\/v2\/media\/2851"}],"wp:attachment":[{"href":"https:\/\/managingnewsroomdiversity.com\/pl\/wp-json\/wp\/v2\/media?parent=2864"}],"wp:term":[{"taxonomy":"category","embeddable":true,"href":"https:\/\/managingnewsroomdiversity.com\/pl\/wp-json\/wp\/v2\/categories?post=2864"},{"taxonomy":"post_tag","embeddable":true,"href":"https:\/\/managingnewsroomdiversity.com\/pl\/wp-json\/wp\/v2\/tags?post=2864"}],"curies":[{"name":"wp","href":"https:\/\/api.w.org\/{rel}","templated":true}]}}