{"id":2792,"date":"2023-12-05T21:10:50","date_gmt":"2023-12-05T20:10:50","guid":{"rendered":"https:\/\/managingnewsroomdiversity.com\/2023\/12\/05\/bylismy-w-gdansku-na-konferencji-lustro-mediow-iv-od-chat-botow-do-cx-i-ux\/"},"modified":"2024-06-01T19:13:37","modified_gmt":"2024-06-01T17:13:37","slug":"bylismy-w-gdansku-na-konferencji-lustro-mediow-iv-od-chat-botow-do-cx-i-ux","status":"publish","type":"post","link":"https:\/\/managingnewsroomdiversity.com\/pl\/2023\/12\/05\/bylismy-w-gdansku-na-konferencji-lustro-mediow-iv-od-chat-botow-do-cx-i-ux\/","title":{"rendered":"Byli\u015bmy w Gda\u0144sku na konferencji &#8222;LUSTRO MEDI\u00d3W IV&#8221;: OD CHAT BOT\u00d3W DO CX I UX&#8221;"},"content":{"rendered":"\n<p class=\"has-medium-font-size\"><strong>W imieniu zespo\u0142u projektowego Anna Jupowicz-Ginalska wzi\u0119\u0142a udzia\u0142 w konferencji LUSTRO MEDI\u00d3W IV: OD BOT\u00d3W DO CX I UX (Gda\u0144sk, 4 grudnia 2023 roku). <\/strong><\/p>\n\n<p class=\"has-medium-font-size\"><strong>Wydarzenie by\u0142o wsp\u00f3lnym przedsi\u0119wzi\u0119ciem organizacyjnym badaczy z Politechniki Gda\u0144skiej, Uniwersytetu Gda\u0144skiego, Uniwersytetu Jagiello\u0144skiego oraz Pomorskiego Instytutu Naukowego im. Profesora Bruna Synaka.<\/strong><\/p>\n\n<p class=\"has-medium-font-size\">Anna Jupowicz-Ginalska wyg\u0142osi\u0142a prelekcj\u0119 &#8222;Od social medi\u00f3w do UX: nowe technologie a zarz\u0105dzanie r\u00f3\u017cnorodno\u015bci\u0105 w redakcji (perspektywa polska)&#8221;. W prezentacji om\u00f3wiono, w jaki spos\u00f3b media definiuj\u0105 r\u00f3\u017cnorodno\u015b\u0107 oraz jak wygl\u0105da jej zarz\u0105dzanie w praktyce. W tym celu badaczki z zespo\u0142u projektowego zidentyfikowa\u0142y i przeanalizowa\u0142y rozwi\u0105zania wprowadzane przez organizacje medialne w celu zwi\u0119kszenia r\u00f3\u017cnorodno\u015bci dyskursywnej redakcji, zar\u00f3wno w\u015br\u00f3d (wsp\u00f3\u0142)pracownik\u00f3w, jak i w produkowanych tre\u015bciach. Ze wzgl\u0119du na tematyk\u0119 konferencji, prezentacja skupi\u0142a si\u0119 na perspektywie polskiej, badaj\u0105c, czy nowe technologie (w tym media spo\u0142eczno\u015bciowe, komunikatory internetowe oraz UX) wp\u0142ywaj\u0105 na zarz\u0105dzanie r\u00f3\u017cnorodno\u015bci\u0105 w redakcji i je\u015bli tak, to w jaki spos\u00f3b. <\/p>\n\n<p class=\"has-medium-font-size\">Na podstawie unikalnych danych uzyskanych z 18 wywiad\u00f3w (z o\u015bmioma redaktorami i dziesi\u0119cioma dziennikarzami reprezentuj\u0105cymi czo\u0142owe internetowe media kraju), om\u00f3wiono skrzy\u017cowania mi\u0119dzy technologi\u0105, idea\u0142em 'wielokulturowo\u015bci&#8217;, a rzeczywist\u0105 prac\u0105 zespo\u0142u redakcyjnego: pocz\u0105wszy od wyboru temat\u00f3w publikacji, przez uwzgl\u0119dnianie preferencji czytelnik\u00f3w, a\u017c po rozwijanie relacji wewn\u0105trz organizacji.<\/p>\n\n<p class=\"has-medium-font-size\">Pe\u0142ny program konferencji mo\u017cna znale\u017a\u0107 <a href=\"https:\/\/lustromediow.gcb.visitgdansk.com\" data-type=\"link\" data-id=\"https:\/\/lustromediow.gcb.visitgdansk.com\" target=\"_blank\" rel=\"noreferrer noopener\">tutaj.<\/a><\/p>\n\n<div class=\"wp-block-group alignfull is-vertical is-layout-flex wp-container-core-group-is-layout-1 wp-block-group-is-layout-flex\">\n<figure class=\"wp-block-gallery has-nested-images columns-default is-cropped wp-block-gallery-1 is-layout-flex wp-block-gallery-is-layout-flex\">\n<figure class=\"wp-block-image size-full\"><img loading=\"lazy\" decoding=\"async\" width=\"2048\" height=\"1365\" src=\"https:\/\/managingnewsroomdiversity.com\/wp-content\/uploads\/2024\/02\/gdansk-4.jpeg\" alt=\"\" class=\"wp-image-2787\" srcset=\"https:\/\/managingnewsroomdiversity.com\/wp-content\/uploads\/2024\/02\/gdansk-4.jpeg 2048w, https:\/\/managingnewsroomdiversity.com\/wp-content\/uploads\/2024\/02\/gdansk-4-1280x853.jpeg 1280w, https:\/\/managingnewsroomdiversity.com\/wp-content\/uploads\/2024\/02\/gdansk-4-980x653.jpeg 980w, https:\/\/managingnewsroomdiversity.com\/wp-content\/uploads\/2024\/02\/gdansk-4-480x320.jpeg 480w\" sizes=\"(min-width: 0px) and (max-width: 480px) 480px, (min-width: 481px) and (max-width: 980px) 980px, (min-width: 981px) and (max-width: 1280px) 1280px, (min-width: 1281px) 2048px, 100vw\" \/><\/figure>\n\n\n\n<figure class=\"wp-block-image size-full\"><img loading=\"lazy\" decoding=\"async\" width=\"2048\" height=\"1365\" src=\"https:\/\/managingnewsroomdiversity.com\/wp-content\/uploads\/2024\/02\/gdansk3.jpeg\" alt=\"\" class=\"wp-image-2789\" srcset=\"https:\/\/managingnewsroomdiversity.com\/wp-content\/uploads\/2024\/02\/gdansk3.jpeg 2048w, https:\/\/managingnewsroomdiversity.com\/wp-content\/uploads\/2024\/02\/gdansk3-1280x853.jpeg 1280w, https:\/\/managingnewsroomdiversity.com\/wp-content\/uploads\/2024\/02\/gdansk3-980x653.jpeg 980w, https:\/\/managingnewsroomdiversity.com\/wp-content\/uploads\/2024\/02\/gdansk3-480x320.jpeg 480w\" sizes=\"(min-width: 0px) and (max-width: 480px) 480px, (min-width: 481px) and (max-width: 980px) 980px, (min-width: 981px) and (max-width: 1280px) 1280px, (min-width: 1281px) 2048px, 100vw\" \/><\/figure>\n<\/figure>\n<\/div>\n","protected":false},"excerpt":{"rendered":"<p>W imieniu zespo\u0142u projektowego Anna Jupowicz-Ginalska wzi\u0119\u0142a udzia\u0142 w konferencji LUSTRO MEDI\u00d3W IV: OD BOT\u00d3W DO CX I UX (Gda\u0144sk, 4 grudnia 2023 roku). Wydarzenie by\u0142o wsp\u00f3lnym przedsi\u0119wzi\u0119ciem organizacyjnym badaczy z Politechniki Gda\u0144skiej, Uniwersytetu Gda\u0144skiego, Uniwersytetu Jagiello\u0144skiego oraz Pomorskiego Instytutu Naukowego im. Profesora Bruna Synaka. Anna Jupowicz-Ginalska wyg\u0142osi\u0142a prelekcj\u0119 &#8222;Od social medi\u00f3w do UX: nowe [&hellip;]<\/p>\n","protected":false},"author":4,"featured_media":2786,"comment_status":"closed","ping_status":"closed","sticky":false,"template":"","format":"standard","meta":{"_et_pb_use_builder":"off","_et_pb_old_content":"","_et_gb_content_width":"","footnotes":""},"categories":[27],"tags":[],"class_list":["post-2792","post","type-post","status-publish","format-standard","has-post-thumbnail","hentry","category-dyskusje-naukowe"],"_links":{"self":[{"href":"https:\/\/managingnewsroomdiversity.com\/pl\/wp-json\/wp\/v2\/posts\/2792"}],"collection":[{"href":"https:\/\/managingnewsroomdiversity.com\/pl\/wp-json\/wp\/v2\/posts"}],"about":[{"href":"https:\/\/managingnewsroomdiversity.com\/pl\/wp-json\/wp\/v2\/types\/post"}],"author":[{"embeddable":true,"href":"https:\/\/managingnewsroomdiversity.com\/pl\/wp-json\/wp\/v2\/users\/4"}],"replies":[{"embeddable":true,"href":"https:\/\/managingnewsroomdiversity.com\/pl\/wp-json\/wp\/v2\/comments?post=2792"}],"version-history":[{"count":1,"href":"https:\/\/managingnewsroomdiversity.com\/pl\/wp-json\/wp\/v2\/posts\/2792\/revisions"}],"predecessor-version":[{"id":2793,"href":"https:\/\/managingnewsroomdiversity.com\/pl\/wp-json\/wp\/v2\/posts\/2792\/revisions\/2793"}],"wp:featuredmedia":[{"embeddable":true,"href":"https:\/\/managingnewsroomdiversity.com\/pl\/wp-json\/wp\/v2\/media\/2786"}],"wp:attachment":[{"href":"https:\/\/managingnewsroomdiversity.com\/pl\/wp-json\/wp\/v2\/media?parent=2792"}],"wp:term":[{"taxonomy":"category","embeddable":true,"href":"https:\/\/managingnewsroomdiversity.com\/pl\/wp-json\/wp\/v2\/categories?post=2792"},{"taxonomy":"post_tag","embeddable":true,"href":"https:\/\/managingnewsroomdiversity.com\/pl\/wp-json\/wp\/v2\/tags?post=2792"}],"curies":[{"name":"wp","href":"https:\/\/api.w.org\/{rel}","templated":true}]}}