{"id":2633,"date":"2022-12-11T13:51:00","date_gmt":"2022-12-11T12:51:00","guid":{"rendered":"https:\/\/managingnewsroomdiversity.com\/2022\/12\/11\/greta-gober-i-anna-jupowicz-ginalska-prezentuja-badanie-na-polskiej-granicy-podczas-warsztatow-mediatyzacja-wojny\/"},"modified":"2024-06-01T19:31:49","modified_gmt":"2024-06-01T17:31:49","slug":"greta-gober-i-anna-jupowicz-ginalska-prezentuja-badanie-na-polskiej-granicy-podczas-warsztatow-mediatyzacja-wojny","status":"publish","type":"post","link":"https:\/\/managingnewsroomdiversity.com\/pl\/2022\/12\/11\/greta-gober-i-anna-jupowicz-ginalska-prezentuja-badanie-na-polskiej-granicy-podczas-warsztatow-mediatyzacja-wojny\/","title":{"rendered":"Greta Gober i Anna Jupowicz-Ginalska prezentuj\u0105 badanie \u201eNa polskiej granicy\u201d podczas warsztat\u00f3w \u201eMediatyzacja wojny\u201d"},"content":{"rendered":"\n<p class=\"has-medium-font-size\">Sz\u00f3st\u0105 edycj\u0119 warsztat\u00f3w &#8222;Ku rozwojowi bada\u0144 nad mediatyzacj\u0105&#8221; zorganizowa\u0142a Katarzyna Kopecka-Piech z Uniwersytetu Marii Curie-Sk\u0142odowskiej w Lublinie, przy wsparciu <a href=\"https:\/\/www.facebook.com\/WroclawskieCentrumAkademickie\/?__cft__%5B0%5D=AZWFEJ3BPf5Cjkz-USQYrr6gd8ek18B6W19dPwgFStY-uiLiQZ2eaukvI5-B_7_MeIUQWDJ5nFmMgz79O0WXS7oH5CPRsFLEskMjsggwOQKi8T7GFnazq615_lQHgMwxN_SCiLTZVIw6CKtQUbpU0jqDpfuuq_o72M2LrZhk3nwSR__T-_dPKe7vPkm-8D_HIww&amp;__tn__=kK-R\">Wroc\u0142awskiego Centrum Akademickiego<\/a> i Wroc\u0142awskiego Centrum Wiedzy Academia Europaea. <\/p>\n\n<figure class=\"wp-block-image size-large\"><img loading=\"lazy\" decoding=\"async\" width=\"1024\" height=\"574\" src=\"https:\/\/managingnewsroomdiversity.com\/wp-content\/uploads\/2022\/12\/Zrzut-ekranu-2022-12-28-o-19.40.42-1024x574.png\" alt=\"\" class=\"wp-image-2177\" srcset=\"https:\/\/managingnewsroomdiversity.com\/wp-content\/uploads\/2022\/12\/Zrzut-ekranu-2022-12-28-o-19.40.42-980x549.png 980w, https:\/\/managingnewsroomdiversity.com\/wp-content\/uploads\/2022\/12\/Zrzut-ekranu-2022-12-28-o-19.40.42-480x269.png 480w\" sizes=\"(min-width: 0px) and (max-width: 480px) 480px, (min-width: 481px) and (max-width: 980px) 980px, (min-width: 981px) 1024px, 100vw\" \/><\/figure>\n\n<p class=\"has-medium-font-size\">Podczas warsztat\u00f3w Greta Gober i Anna Jupowicz-Ginalska zaprezentowa\u0142y wst\u0119pne wyniki badania sposobu, w jaki polskie media pokazywa\u0142y rozwijaj\u0105cy si\u0119 kryzys humanitarny na granicy z Bia\u0142orusi\u0105 (2021) i Ukrain\u0105 (2022). Prezentacja zatytu\u0142owana &#8222;Na polskiej granicy&#8221; pr\u00f3bowa\u0142a odpowiedzie\u0107 na pytania dotycz\u0105ce roli i odpowiedzialno\u015bci medi\u00f3w w kszta\u0142towaniu postaw tolerancji i szacunku dla r\u00f3\u017cnorodno\u015bci w czasach wojny. Badanie jest cz\u0119\u015bci\u0105 wi\u0119kszego projektu &#8222;Zarz\u0105dzanie r\u00f3\u017cnorodno\u015bci\u0105 jako innowacja w dziennikarstwie&#8221; i prowadzone jest w ramach prac grupy zadaniowej ds. Ukrainy, kt\u00f3ra <a href=\"https:\/\/managingnewsroomdiversity.com\/pl\/2022\/03\/29\/spotkanie-dorazne-rady-doradczej-utworzenie-ukrainskiej-grupy-zadaniowej-ds-roznorodnosci-mediow\/\" target=\"_blank\" rel=\"noreferrer noopener\">powsta\u0142a po rozpocz\u0119ciu wojny w Ukrainie<\/a> w lutym 2022 roku. <\/p>\n\n<p class=\"has-medium-font-size\">Celem badania &#8222;Na granicy polskiej&#8221; jest analiza narracji medi\u00f3w dotycz\u0105cych dw\u00f3ch kryzys\u00f3w humanitarnych rozgrywaj\u0105cych si\u0119 na granicy polskiej w bliskim czasie i przestrzeni, jednak w bardzo r\u00f3\u017cnych kontekstach geopolitycznych. Zestawienie tych dw\u00f3ch narracji, mamy nadziej\u0119 pog\u0142\u0119bi (ale i zakwestionuje) nasze rozumienie roli norm w praktyce dziennikarskiej. <\/p>\n\n<p class=\"has-medium-font-size\">Tegoroczne warsztaty pod has\u0142em &#8222;Mediatyzacja wojny&#8221;<strong><em> <\/em><\/strong>odby\u0142y si\u0119 online 9 grudnia 2022 roku i by\u0142y prowadzone przez profesora Andrew Hoskinsa z Uniwersytetu w Glasgow. Prelegenci omawiali swoje trwaj\u0105ce projekty badawcze w w\u0105skiej i zamkni\u0119tej grupie naukowc\u00f3w zajmuj\u0105cych si\u0119 mediami pod kierownictwem eksperta. Warsztaty rozpocz\u0119\u0142y si\u0119 wyk\u0142adem prof. Andrew Hoskinsa pt. &#8222;The War Feed: Wojna na oczach wszystkich&#8221;. <\/p>\n\n<p class=\"has-medium-font-size\">Wi\u0119cej o warsztatach pod tym <a href=\"https:\/\/www.umcs.pl\/pl\/towards-development-of-mediatization-research-vi-mediatization-of-war,24329.htm\" target=\"_blank\" rel=\"noreferrer noopener\">linkiem.<\/a><\/p>\n","protected":false},"excerpt":{"rendered":"<p>Sz\u00f3st\u0105 edycj\u0119 warsztat\u00f3w &#8222;Ku rozwojowi bada\u0144 nad mediatyzacj\u0105&#8221; zorganizowa\u0142a Katarzyna Kopecka-Piech z Uniwersytetu Marii Curie-Sk\u0142odowskiej w Lublinie, przy wsparciu Wroc\u0142awskiego Centrum Akademickiego i Wroc\u0142awskiego Centrum Wiedzy Academia Europaea. Podczas warsztat\u00f3w Greta Gober i Anna Jupowicz-Ginalska zaprezentowa\u0142y wst\u0119pne wyniki badania sposobu, w jaki polskie media pokazywa\u0142y rozwijaj\u0105cy si\u0119 kryzys humanitarny na granicy z Bia\u0142orusi\u0105 (2021) i [&hellip;]<\/p>\n","protected":false},"author":4,"featured_media":2430,"comment_status":"closed","ping_status":"closed","sticky":false,"template":"","format":"standard","meta":{"_et_pb_use_builder":"off","_et_pb_old_content":"","_et_gb_content_width":"","footnotes":""},"categories":[27],"tags":[],"class_list":["post-2633","post","type-post","status-publish","format-standard","has-post-thumbnail","hentry","category-dyskusje-naukowe"],"_links":{"self":[{"href":"https:\/\/managingnewsroomdiversity.com\/pl\/wp-json\/wp\/v2\/posts\/2633"}],"collection":[{"href":"https:\/\/managingnewsroomdiversity.com\/pl\/wp-json\/wp\/v2\/posts"}],"about":[{"href":"https:\/\/managingnewsroomdiversity.com\/pl\/wp-json\/wp\/v2\/types\/post"}],"author":[{"embeddable":true,"href":"https:\/\/managingnewsroomdiversity.com\/pl\/wp-json\/wp\/v2\/users\/4"}],"replies":[{"embeddable":true,"href":"https:\/\/managingnewsroomdiversity.com\/pl\/wp-json\/wp\/v2\/comments?post=2633"}],"version-history":[{"count":3,"href":"https:\/\/managingnewsroomdiversity.com\/pl\/wp-json\/wp\/v2\/posts\/2633\/revisions"}],"predecessor-version":[{"id":2636,"href":"https:\/\/managingnewsroomdiversity.com\/pl\/wp-json\/wp\/v2\/posts\/2633\/revisions\/2636"}],"wp:featuredmedia":[{"embeddable":true,"href":"https:\/\/managingnewsroomdiversity.com\/pl\/wp-json\/wp\/v2\/media\/2430"}],"wp:attachment":[{"href":"https:\/\/managingnewsroomdiversity.com\/pl\/wp-json\/wp\/v2\/media?parent=2633"}],"wp:term":[{"taxonomy":"category","embeddable":true,"href":"https:\/\/managingnewsroomdiversity.com\/pl\/wp-json\/wp\/v2\/categories?post=2633"},{"taxonomy":"post_tag","embeddable":true,"href":"https:\/\/managingnewsroomdiversity.com\/pl\/wp-json\/wp\/v2\/tags?post=2633"}],"curies":[{"name":"wp","href":"https:\/\/api.w.org\/{rel}","templated":true}]}}