{"id":2623,"date":"2023-06-15T21:10:50","date_gmt":"2023-06-15T19:10:50","guid":{"rendered":"https:\/\/managingnewsroomdiversity.com\/2023\/06\/15\/greta-gober-i-anna-jupowicz-ginalska-na-konferencji-europejskiego-stowarzyszenia-zarzadzania-mediami-emma-w-pamplonie\/"},"modified":"2024-06-01T19:18:00","modified_gmt":"2024-06-01T17:18:00","slug":"greta-gober-i-anna-jupowicz-ginalska-na-konferencji-europejskiego-stowarzyszenia-zarzadzania-mediami-emma-w-pamplonie","status":"publish","type":"post","link":"https:\/\/managingnewsroomdiversity.com\/pl\/2023\/06\/15\/greta-gober-i-anna-jupowicz-ginalska-na-konferencji-europejskiego-stowarzyszenia-zarzadzania-mediami-emma-w-pamplonie\/","title":{"rendered":"Greta Gober i Anna Jupowicz-Ginalska na konferencji Europejskiego Stowarzyszenia Zarz\u0105dzania Mediami (EMMA) w Pamplonie."},"content":{"rendered":"\n<p class=\"has-medium-font-size\">Mi\u0119dzy 7 a 9 czerwca 2023 roku Greta Gober i Anna Jupowicz-Ginalska uczestniczy\u0142y w konferencji Europejskiego Stowarzyszenia Zarz\u0105dzania Mediami, kt\u00f3ra odby\u0142a si\u0119 na Uniwersytecie Navarra w Pamplonie, Hiszpania. Konferencja zosta\u0142a zorganizowana pod tytu\u0142em <strong>Perspektywy zaufania do medi\u00f3w<\/strong>, a Greta Gober i Anna Jupowicz-Ginalska przedstawi\u0142y referat zatytu\u0142owany &#8222;Studium przypadku paradoksu r\u00f3\u017cnorodno\u015bci i inkluzywno\u015bci medi\u00f3w: Szwedzkie Radio&#8221;. <\/p>\n\n<p class=\"has-medium-font-size\">W swoim badaniu Greta Gober i Anna Jupowicz-Ginalska analizuj\u0105 paradoks r\u00f3\u017cnorodno\u015bci i inkluzywno\u015bci medi\u00f3w na przyk\u0142adzie Szwedzkiego Radia, z perspektywy skoncentrowanej na komunikacji &#8211; polifonii (Trittin &amp; Schoeneborn, 2017; Czarniawska, 1999; Belova et al., 2008; Shotter, 2008). Poprzez zastosowanie koncepcji polifonii w zarz\u0105dzaniu r\u00f3\u017cnorodno\u015bci\u0105, uda\u0142o im si\u0119 wykaza\u0107 przyczyny trudno\u015bci, z jakimi borykaj\u0105 si\u0119 redakcje w efektywnym przedstawianiu r\u00f3\u017cnorodnych perspektyw jednostek i spo\u0142ecze\u0144stwa, kt\u00f3re (deklaratywnie) chc\u0105 prezentow\u0107.<\/p>\n\n<p class=\"has-medium-font-size\">Ponadto Greta i Anna konceptualizuj\u0105 r\u00f3\u017cnorodno\u015b\u0107 jako polifoni\u0119, aby odpowiedzie\u0107 na pytanie \u201ejak to zrobi\u0107\u201d w kontek\u015bcie w\/w dylematu zwi\u0105zanego z r\u00f3\u017cnorodno\u015bci\u0105 i inkluzywno\u015bci\u0105 medi\u00f3w. Jak wskazuj\u0105 inni badacze, osi\u0105gni\u0119cie autentycznej r\u00f3\u017cnorodno\u015bci wymaga ci\u0105g\u0142ego rewidownia praktyk dziennikarskich i kultury redakcyjnej, bez pr\u00f3by bagatelizowania r\u00f3\u017cnic (L\u00fcck et al., 2020, s. 16). W zwi\u0105zku z tym, ich celem by\u0142o przedstawienie, jak w praktyce wygl\u0105da kultura uwzgl\u0119dniaj\u0105ca r\u00f3\u017cnorodno\u015b\u0107, w kt\u00f3rej r\u00f3\u017cnice s\u0105 akceptowane w ramach pracy redakcyjnej. <\/p>\n\n<p class=\"has-medium-font-size\">Prezentacja opiera\u0142a si\u0119 na wynikach projektu badawczego &#8222;Zarz\u0105dzanie r\u00f3\u017cnorodno\u015bci\u0105 jako innowacja w dziennikarstwie&#8221;, kt\u00f3ry zosta\u0142 sfinansowany przez fundusze norweskie. W szczeg\u00f3lno\u015bci prezentacja dotyczy\u0142a epistemologicznego kryzysu, z jakim wsp\u00f3\u0142czesne dziennikarstwo si\u0119 boryka, charakteryzuj\u0105cego si\u0119 lukami w wiedzy i wykluczeniami. Skupiono si\u0119 na tym, \u017ce organizacje medialne coraz ch\u0119tniej si\u0119gaj\u0105 po &#8222;zarz\u0105dzanie r\u00f3\u017cnorodno\u015bci\u0105&#8221; jako \u015brodek do odbudowy zaufania publiczno\u015bci oraz poprawy jako\u015bci dziennikarstwa<\/p>\n\n<p class=\"has-medium-font-size\">Pe\u0142ny program konferencji EMMA 2023 mo\u017cna znale\u017a\u0107 <a href=\"https:\/\/www.unav.edu\/documents\/24375939\/0\/parallel-sessions_4.pdf\" target=\"_blank\" rel=\"noreferrer noopener\">tutaj.<\/a> <\/p>\n\n<p><\/p>\n\n<figure class=\"wp-block-gallery has-nested-images columns-default is-cropped wp-block-gallery-1 is-layout-flex wp-block-gallery-is-layout-flex\">\n<figure class=\"wp-block-image size-large\"><img loading=\"lazy\" decoding=\"async\" width=\"1024\" height=\"768\" data-id=\"2617\" src=\"https:\/\/managingnewsroomdiversity.com\/wp-content\/uploads\/2022\/12\/IMG_6752-1024x768.jpg\" alt=\"\" class=\"wp-image-2617\" srcset=\"https:\/\/managingnewsroomdiversity.com\/wp-content\/uploads\/2022\/12\/IMG_6752-980x735.jpg 980w, https:\/\/managingnewsroomdiversity.com\/wp-content\/uploads\/2022\/12\/IMG_6752-480x360.jpg 480w\" sizes=\"(min-width: 0px) and (max-width: 480px) 480px, (min-width: 481px) and (max-width: 980px) 980px, (min-width: 981px) 1024px, 100vw\" \/><\/figure>\n\n\n\n<figure class=\"wp-block-image size-large\"><img loading=\"lazy\" decoding=\"async\" width=\"1024\" height=\"769\" data-id=\"2615\" src=\"https:\/\/managingnewsroomdiversity.com\/wp-content\/uploads\/2022\/12\/PXL_20230609_085717886-1024x769.jpg\" alt=\"\" class=\"wp-image-2615\" srcset=\"https:\/\/managingnewsroomdiversity.com\/wp-content\/uploads\/2022\/12\/PXL_20230609_085717886-980x736.jpg 980w, https:\/\/managingnewsroomdiversity.com\/wp-content\/uploads\/2022\/12\/PXL_20230609_085717886-480x360.jpg 480w\" sizes=\"(min-width: 0px) and (max-width: 480px) 480px, (min-width: 481px) and (max-width: 980px) 980px, (min-width: 981px) 1024px, 100vw\" \/><\/figure>\n\n\n\n<figure class=\"wp-block-image size-large\"><img loading=\"lazy\" decoding=\"async\" width=\"1024\" height=\"768\" data-id=\"2619\" src=\"https:\/\/managingnewsroomdiversity.com\/wp-content\/uploads\/2023\/06\/IMG_9494-1024x768.jpeg\" alt=\"\" class=\"wp-image-2619\" srcset=\"https:\/\/managingnewsroomdiversity.com\/wp-content\/uploads\/2023\/06\/IMG_9494-980x735.jpeg 980w, https:\/\/managingnewsroomdiversity.com\/wp-content\/uploads\/2023\/06\/IMG_9494-480x360.jpeg 480w\" sizes=\"(min-width: 0px) and (max-width: 480px) 480px, (min-width: 481px) and (max-width: 980px) 980px, (min-width: 981px) 1024px, 100vw\" \/><figcaption class=\"wp-element-caption\"> <\/figcaption><\/figure>\n<\/figure>\n","protected":false},"excerpt":{"rendered":"<p>Mi\u0119dzy 7 a 9 czerwca 2023 roku Greta Gober i Anna Jupowicz-Ginalska uczestniczy\u0142y w konferencji Europejskiego Stowarzyszenia Zarz\u0105dzania Mediami, kt\u00f3ra odby\u0142a si\u0119 na Uniwersytecie Navarra w Pamplonie, Hiszpania. Konferencja zosta\u0142a zorganizowana pod tytu\u0142em Perspektywy zaufania do medi\u00f3w, a Greta Gober i Anna Jupowicz-Ginalska przedstawi\u0142y referat zatytu\u0142owany &#8222;Studium przypadku paradoksu r\u00f3\u017cnorodno\u015bci i inkluzywno\u015bci medi\u00f3w: Szwedzkie Radio&#8221;. [&hellip;]<\/p>\n","protected":false},"author":4,"featured_media":2614,"comment_status":"closed","ping_status":"closed","sticky":false,"template":"","format":"standard","meta":{"_et_pb_use_builder":"off","_et_pb_old_content":"","_et_gb_content_width":"","footnotes":""},"categories":[27],"tags":[],"class_list":["post-2623","post","type-post","status-publish","format-standard","has-post-thumbnail","hentry","category-dyskusje-naukowe"],"_links":{"self":[{"href":"https:\/\/managingnewsroomdiversity.com\/pl\/wp-json\/wp\/v2\/posts\/2623"}],"collection":[{"href":"https:\/\/managingnewsroomdiversity.com\/pl\/wp-json\/wp\/v2\/posts"}],"about":[{"href":"https:\/\/managingnewsroomdiversity.com\/pl\/wp-json\/wp\/v2\/types\/post"}],"author":[{"embeddable":true,"href":"https:\/\/managingnewsroomdiversity.com\/pl\/wp-json\/wp\/v2\/users\/4"}],"replies":[{"embeddable":true,"href":"https:\/\/managingnewsroomdiversity.com\/pl\/wp-json\/wp\/v2\/comments?post=2623"}],"version-history":[{"count":3,"href":"https:\/\/managingnewsroomdiversity.com\/pl\/wp-json\/wp\/v2\/posts\/2623\/revisions"}],"predecessor-version":[{"id":2626,"href":"https:\/\/managingnewsroomdiversity.com\/pl\/wp-json\/wp\/v2\/posts\/2623\/revisions\/2626"}],"wp:featuredmedia":[{"embeddable":true,"href":"https:\/\/managingnewsroomdiversity.com\/pl\/wp-json\/wp\/v2\/media\/2614"}],"wp:attachment":[{"href":"https:\/\/managingnewsroomdiversity.com\/pl\/wp-json\/wp\/v2\/media?parent=2623"}],"wp:term":[{"taxonomy":"category","embeddable":true,"href":"https:\/\/managingnewsroomdiversity.com\/pl\/wp-json\/wp\/v2\/categories?post=2623"},{"taxonomy":"post_tag","embeddable":true,"href":"https:\/\/managingnewsroomdiversity.com\/pl\/wp-json\/wp\/v2\/tags?post=2623"}],"curies":[{"name":"wp","href":"https:\/\/api.w.org\/{rel}","templated":true}]}}